{"id":19953,"date":"2026-09-06T09:25:21","date_gmt":"2026-09-06T09:25:21","guid":{"rendered":"https:\/\/erafutbolfemenino.com\/?p=19953"},"modified":"2026-09-06T09:36:14","modified_gmt":"2026-09-06T09:36:14","slug":"fotogaleria-sevilla-barcelona-liga-f","status":"publish","type":"post","link":"https:\/\/erafutbolfemenino.com\/?p=19953","title":{"rendered":"Fotogaler\u00eda Sevilla &#8211; Barcelona Liga F"},"content":{"rendered":"\n<div id=\"envira-gallery-wrap-19924\" class=\"envira-gallery-wrap envira-gallery-theme-base envira-lightbox-theme-base\" itemscope itemtype=\"https:\/\/schema.org\/ImageGallery\"><div data-row-height=\"150\" data-gallery-theme=\"normal\" id=\"envira-gallery-19924\" class=\"envira-gallery-public envira-gallery-justified-public envira-gallery-0-columns envira-clear enviratope envira-gallery-css-animations\" data-envira-columns=\"0\"><div id=\"envira-gallery-item-19925\" class=\"envira-gallery-item enviratope-item envira-gallery-item-1 envira-lazy-load\" style=\"padding-left: 5px; padding-bottom: 10px; padding-right: 5px;\"  itemscope itemtype=\"https:\/\/schema.org\/ImageObject\"><div class=\"envira-gallery-item-inner\"><div class=\"envira-gallery-position-overlay  envira-gallery-top-left\"><\/div><div class=\"envira-gallery-position-overlay  envira-gallery-top-right\"><\/div><div class=\"envira-gallery-position-overlay  envira-gallery-bottom-left\"><\/div><div class=\"envira-gallery-position-overlay  envira-gallery-bottom-right\"><\/div><a href=\"https:\/\/erafutbolfemenino.com\/wp-content\/uploads\/2026\/09\/MG_0970-scaled.jpg\" class=\"envira-gallery-19924 envira-gallery-link\" rel=\"enviragallery19924\" title=\"_MG_0970\" data-envira-caption=\"_MG_0970\" data-envira-retina=\"\" data-thumbnail=\"\"  itemprop=\"contentUrl\"><img id=\"envira-gallery-image-19925\" class=\"envira-gallery-image envira-gallery-image-1 envira-normal envira-lazy\" data-envira-index=\"1\" src=\"https:\/\/erafutbolfemenino.com\/wp-content\/uploads\/2026\/09\/MG_0970-1024x683-640x480.jpg\" data-envira-src=\"https:\/\/erafutbolfemenino.com\/wp-content\/uploads\/2026\/09\/MG_0970-1024x683-640x480.jpg\" data-envira-gallery-id=\"19924\" data-envira-item-id=\"19925\" data-envira-caption=\"_MG_0970\" alt=\"\" title=\"_MG_0970\"  itemprop=\"thumbnailUrl\" data-envira-srcset=\"https:\/\/erafutbolfemenino.com\/wp-content\/uploads\/2026\/09\/MG_0970-1024x683-640x480.jpg 400w,https:\/\/erafutbolfemenino.com\/wp-content\/uploads\/2026\/09\/MG_0970-1024x683-640x480.jpg 2x\" data-envira-width=\"300\" data-envira-height=\"200\" srcset=\"data:image\/gif;base64,R0lGODlhAQABAIAAAP\/\/\/\/\/\/\/yH5BAEKAAEALAAAAAABAAEAAAICTAEAOw==\" data-safe-src=\"data:image\/gif;base64,R0lGODlhAQABAIAAAP\/\/\/\/\/\/\/yH5BAEKAAEALAAAAAABAAEAAAICTAEAOw==\" \/><\/a><\/div><\/div><div id=\"envira-gallery-item-19926\" class=\"envira-gallery-item enviratope-item envira-gallery-item-2 envira-lazy-load\" style=\"padding-left: 5px; padding-bottom: 10px; padding-right: 5px;\"  itemscope itemtype=\"https:\/\/schema.org\/ImageObject\"><div class=\"envira-gallery-item-inner\"><div class=\"envira-gallery-position-overlay  envira-gallery-top-left\"><\/div><div class=\"envira-gallery-position-overlay  envira-gallery-top-right\"><\/div><div class=\"envira-gallery-position-overlay  envira-gallery-bottom-left\"><\/div><div class=\"envira-gallery-position-overlay  envira-gallery-bottom-right\"><\/div><a href=\"https:\/\/erafutbolfemenino.com\/wp-content\/uploads\/2026\/09\/MG_0801-2-scaled.jpg\" class=\"envira-gallery-19924 envira-gallery-link\" rel=\"enviragallery19924\" title=\"_MG_0801-2\" data-envira-caption=\"_MG_0801-2\" data-envira-retina=\"\" data-thumbnail=\"\"  itemprop=\"contentUrl\"><img id=\"envira-gallery-image-19926\" class=\"envira-gallery-image envira-gallery-image-2 envira-normal envira-lazy\" data-envira-index=\"2\" src=\"https:\/\/erafutbolfemenino.com\/wp-content\/uploads\/2026\/09\/MG_0801-2-1024x683-640x480.jpg\" data-envira-src=\"https:\/\/erafutbolfemenino.com\/wp-content\/uploads\/2026\/09\/MG_0801-2-1024x683-640x480.jpg\" data-envira-gallery-id=\"19924\" data-envira-item-id=\"19926\" data-envira-caption=\"_MG_0801-2\" alt=\"\" title=\"_MG_0801-2\"  itemprop=\"thumbnailUrl\" data-envira-srcset=\"https:\/\/erafutbolfemenino.com\/wp-content\/uploads\/2026\/09\/MG_0801-2-1024x683-640x480.jpg 400w,https:\/\/erafutbolfemenino.com\/wp-content\/uploads\/2026\/09\/MG_0801-2-1024x683-640x480.jpg 2x\" data-envira-width=\"300\" data-envira-height=\"200\" srcset=\"data:image\/gif;base64,R0lGODlhAQABAIAAAP\/\/\/\/\/\/\/yH5BAEKAAEALAAAAAABAAEAAAICTAEAOw==\" data-safe-src=\"data:image\/gif;base64,R0lGODlhAQABAIAAAP\/\/\/\/\/\/\/yH5BAEKAAEALAAAAAABAAEAAAICTAEAOw==\" \/><\/a><\/div><\/div><div id=\"envira-gallery-item-19927\" class=\"envira-gallery-item enviratope-item envira-gallery-item-3 envira-lazy-load\" style=\"padding-left: 5px; padding-bottom: 10px; padding-right: 5px;\"  itemscope itemtype=\"https:\/\/schema.org\/ImageObject\"><div class=\"envira-gallery-item-inner\"><div class=\"envira-gallery-position-overlay  envira-gallery-top-left\"><\/div><div class=\"envira-gallery-position-overlay  envira-gallery-top-right\"><\/div><div class=\"envira-gallery-position-overlay  envira-gallery-bottom-left\"><\/div><div class=\"envira-gallery-position-overlay  envira-gallery-bottom-right\"><\/div><a href=\"https:\/\/erafutbolfemenino.com\/wp-content\/uploads\/2026\/09\/MG_1399-2-scaled.jpg\" class=\"envira-gallery-19924 envira-gallery-link\" rel=\"enviragallery19924\" title=\"_MG_1399-2\" data-envira-caption=\"_MG_1399-2\" data-envira-retina=\"\" data-thumbnail=\"\"  itemprop=\"contentUrl\"><img id=\"envira-gallery-image-19927\" class=\"envira-gallery-image envira-gallery-image-3 envira-normal envira-lazy\" data-envira-index=\"3\" src=\"https:\/\/erafutbolfemenino.com\/wp-content\/uploads\/2026\/09\/MG_1399-2-1024x683-640x480.jpg\" data-envira-src=\"https:\/\/erafutbolfemenino.com\/wp-content\/uploads\/2026\/09\/MG_1399-2-1024x683-640x480.jpg\" data-envira-gallery-id=\"19924\" data-envira-item-id=\"19927\" data-envira-caption=\"_MG_1399-2\" alt=\"\" title=\"_MG_1399-2\"  itemprop=\"thumbnailUrl\" data-envira-srcset=\"https:\/\/erafutbolfemenino.com\/wp-content\/uploads\/2026\/09\/MG_1399-2-1024x683-640x480.jpg 400w,https:\/\/erafutbolfemenino.com\/wp-content\/uploads\/2026\/09\/MG_1399-2-1024x683-640x480.jpg 2x\" data-envira-width=\"300\" data-envira-height=\"200\" srcset=\"data:image\/gif;base64,R0lGODlhAQABAIAAAP\/\/\/\/\/\/\/yH5BAEKAAEALAAAAAABAAEAAAICTAEAOw==\" data-safe-src=\"data:image\/gif;base64,R0lGODlhAQABAIAAAP\/\/\/\/\/\/\/yH5BAEKAAEALAAAAAABAAEAAAICTAEAOw==\" \/><\/a><\/div><\/div><div id=\"envira-gallery-item-19928\" class=\"envira-gallery-item enviratope-item envira-gallery-item-4 envira-lazy-load\" style=\"padding-left: 5px; padding-bottom: 10px; padding-right: 5px;\"  itemscope itemtype=\"https:\/\/schema.org\/ImageObject\"><div class=\"envira-gallery-item-inner\"><div class=\"envira-gallery-position-overlay  envira-gallery-top-left\"><\/div><div class=\"envira-gallery-position-overlay  envira-gallery-top-right\"><\/div><div class=\"envira-gallery-position-overlay  envira-gallery-bottom-left\"><\/div><div class=\"envira-gallery-position-overlay  envira-gallery-bottom-right\"><\/div><a href=\"https:\/\/erafutbolfemenino.com\/wp-content\/uploads\/2026\/09\/MG_1190-scaled.jpg\" class=\"envira-gallery-19924 envira-gallery-link\" rel=\"enviragallery19924\" title=\"_MG_1190\" data-envira-caption=\"_MG_1190\" data-envira-retina=\"\" data-thumbnail=\"\"  itemprop=\"contentUrl\"><img id=\"envira-gallery-image-19928\" class=\"envira-gallery-image envira-gallery-image-4 envira-normal envira-lazy\" data-envira-index=\"4\" src=\"https:\/\/erafutbolfemenino.com\/wp-content\/uploads\/2026\/09\/MG_1190-1024x683-640x480.jpg\" data-envira-src=\"https:\/\/erafutbolfemenino.com\/wp-content\/uploads\/2026\/09\/MG_1190-1024x683-640x480.jpg\" data-envira-gallery-id=\"19924\" data-envira-item-id=\"19928\" data-envira-caption=\"_MG_1190\" alt=\"\" title=\"_MG_1190\"  itemprop=\"thumbnailUrl\" data-envira-srcset=\"https:\/\/erafutbolfemenino.com\/wp-content\/uploads\/2026\/09\/MG_1190-1024x683-640x480.jpg 400w,https:\/\/erafutbolfemenino.com\/wp-content\/uploads\/2026\/09\/MG_1190-1024x683-640x480.jpg 2x\" data-envira-width=\"300\" data-envira-height=\"200\" srcset=\"data:image\/gif;base64,R0lGODlhAQABAIAAAP\/\/\/\/\/\/\/yH5BAEKAAEALAAAAAABAAEAAAICTAEAOw==\" data-safe-src=\"data:image\/gif;base64,R0lGODlhAQABAIAAAP\/\/\/\/\/\/\/yH5BAEKAAEALAAAAAABAAEAAAICTAEAOw==\" \/><\/a><\/div><\/div><div id=\"envira-gallery-item-19929\" class=\"envira-gallery-item enviratope-item envira-gallery-item-5 envira-lazy-load\" style=\"padding-left: 5px; padding-bottom: 10px; padding-right: 5px;\"  itemscope itemtype=\"https:\/\/schema.org\/ImageObject\"><div class=\"envira-gallery-item-inner\"><div class=\"envira-gallery-position-overlay  envira-gallery-top-left\"><\/div><div class=\"envira-gallery-position-overlay  envira-gallery-top-right\"><\/div><div class=\"envira-gallery-position-overlay  envira-gallery-bottom-left\"><\/div><div class=\"envira-gallery-position-overlay  envira-gallery-bottom-right\"><\/div><a href=\"https:\/\/erafutbolfemenino.com\/wp-content\/uploads\/2026\/09\/MG_0492-1-scaled.jpg\" class=\"envira-gallery-19924 envira-gallery-link\" rel=\"enviragallery19924\" title=\"_MG_0492 (1)\" data-envira-caption=\"_MG_0492 (1)\" data-envira-retina=\"\" data-thumbnail=\"\"  itemprop=\"contentUrl\"><img id=\"envira-gallery-image-19929\" class=\"envira-gallery-image envira-gallery-image-5 envira-normal envira-lazy\" data-envira-index=\"5\" src=\"https:\/\/erafutbolfemenino.com\/wp-content\/uploads\/2026\/09\/MG_0492-1-1024x683-640x480.jpg\" data-envira-src=\"https:\/\/erafutbolfemenino.com\/wp-content\/uploads\/2026\/09\/MG_0492-1-1024x683-640x480.jpg\" data-envira-gallery-id=\"19924\" data-envira-item-id=\"19929\" data-envira-caption=\"_MG_0492 (1)\" alt=\"\" title=\"_MG_0492 (1)\"  itemprop=\"thumbnailUrl\" data-envira-srcset=\"https:\/\/erafutbolfemenino.com\/wp-content\/uploads\/2026\/09\/MG_0492-1-1024x683-640x480.jpg 400w,https:\/\/erafutbolfemenino.com\/wp-content\/uploads\/2026\/09\/MG_0492-1-1024x683-640x480.jpg 2x\" data-envira-width=\"300\" data-envira-height=\"200\" srcset=\"data:image\/gif;base64,R0lGODlhAQABAIAAAP\/\/\/\/\/\/\/yH5BAEKAAEALAAAAAABAAEAAAICTAEAOw==\" data-safe-src=\"data:image\/gif;base64,R0lGODlhAQABAIAAAP\/\/\/\/\/\/\/yH5BAEKAAEALAAAAAABAAEAAAICTAEAOw==\" \/><\/a><\/div><\/div><div id=\"envira-gallery-item-19930\" class=\"envira-gallery-item enviratope-item envira-gallery-item-6 envira-lazy-load\" style=\"padding-left: 5px; padding-bottom: 10px; padding-right: 5px;\"  itemscope itemtype=\"https:\/\/schema.org\/ImageObject\"><div class=\"envira-gallery-item-inner\"><div class=\"envira-gallery-position-overlay  envira-gallery-top-left\"><\/div><div class=\"envira-gallery-position-overlay  envira-gallery-top-right\"><\/div><div class=\"envira-gallery-position-overlay  envira-gallery-bottom-left\"><\/div><div class=\"envira-gallery-position-overlay  envira-gallery-bottom-right\"><\/div><a href=\"https:\/\/erafutbolfemenino.com\/wp-content\/uploads\/2026\/09\/MG_0262-1.jpg\" class=\"envira-gallery-19924 envira-gallery-link\" rel=\"enviragallery19924\" title=\"_MG_0262 (1)\" data-envira-caption=\"_MG_0262 (1)\" data-envira-retina=\"\" data-thumbnail=\"\"  itemprop=\"contentUrl\"><img id=\"envira-gallery-image-19930\" class=\"envira-gallery-image envira-gallery-image-6 envira-normal envira-lazy\" data-envira-index=\"6\" src=\"https:\/\/erafutbolfemenino.com\/wp-content\/uploads\/2026\/09\/MG_0262-1-1024x683-640x480.jpg\" data-envira-src=\"https:\/\/erafutbolfemenino.com\/wp-content\/uploads\/2026\/09\/MG_0262-1-1024x683-640x480.jpg\" data-envira-gallery-id=\"19924\" data-envira-item-id=\"19930\" data-envira-caption=\"_MG_0262 (1)\" alt=\"\" title=\"_MG_0262 (1)\"  itemprop=\"thumbnailUrl\" data-envira-srcset=\"https:\/\/erafutbolfemenino.com\/wp-content\/uploads\/2026\/09\/MG_0262-1-1024x683-640x480.jpg 400w,https:\/\/erafutbolfemenino.com\/wp-content\/uploads\/2026\/09\/MG_0262-1-1024x683-640x480.jpg 2x\" data-envira-width=\"300\" data-envira-height=\"200\" srcset=\"data:image\/gif;base64,R0lGODlhAQABAIAAAP\/\/\/\/\/\/\/yH5BAEKAAEALAAAAAABAAEAAAICTAEAOw==\" data-safe-src=\"data:image\/gif;base64,R0lGODlhAQABAIAAAP\/\/\/\/\/\/\/yH5BAEKAAEALAAAAAABAAEAAAICTAEAOw==\" \/><\/a><\/div><\/div><div id=\"envira-gallery-item-19931\" class=\"envira-gallery-item enviratope-item envira-gallery-item-7 envira-lazy-load\" style=\"padding-left: 5px; padding-bottom: 10px; padding-right: 5px;\"  itemscope itemtype=\"https:\/\/schema.org\/ImageObject\"><div class=\"envira-gallery-item-inner\"><div class=\"envira-gallery-position-overlay  envira-gallery-top-left\"><\/div><div class=\"envira-gallery-position-overlay  envira-gallery-top-right\"><\/div><div class=\"envira-gallery-position-overlay  envira-gallery-bottom-left\"><\/div><div class=\"envira-gallery-position-overlay  envira-gallery-bottom-right\"><\/div><a href=\"https:\/\/erafutbolfemenino.com\/wp-content\/uploads\/2026\/09\/MG_0397-1-scaled.jpg\" class=\"envira-gallery-19924 envira-gallery-link\" rel=\"enviragallery19924\" title=\"_MG_0397 (1)\" data-envira-caption=\"_MG_0397 (1)\" data-envira-retina=\"\" data-thumbnail=\"\"  itemprop=\"contentUrl\"><img id=\"envira-gallery-image-19931\" class=\"envira-gallery-image envira-gallery-image-7 envira-normal envira-lazy\" data-envira-index=\"7\" src=\"https:\/\/erafutbolfemenino.com\/wp-content\/uploads\/2026\/09\/MG_0397-1-1024x683-640x480.jpg\" data-envira-src=\"https:\/\/erafutbolfemenino.com\/wp-content\/uploads\/2026\/09\/MG_0397-1-1024x683-640x480.jpg\" data-envira-gallery-id=\"19924\" data-envira-item-id=\"19931\" data-envira-caption=\"_MG_0397 (1)\" alt=\"\" title=\"_MG_0397 (1)\"  itemprop=\"thumbnailUrl\" data-envira-srcset=\"https:\/\/erafutbolfemenino.com\/wp-content\/uploads\/2026\/09\/MG_0397-1-1024x683-640x480.jpg 400w,https:\/\/erafutbolfemenino.com\/wp-content\/uploads\/2026\/09\/MG_0397-1-1024x683-640x480.jpg 2x\" data-envira-width=\"300\" data-envira-height=\"200\" srcset=\"data:image\/gif;base64,R0lGODlhAQABAIAAAP\/\/\/\/\/\/\/yH5BAEKAAEALAAAAAABAAEAAAICTAEAOw==\" data-safe-src=\"data:image\/gif;base64,R0lGODlhAQABAIAAAP\/\/\/\/\/\/\/yH5BAEKAAEALAAAAAABAAEAAAICTAEAOw==\" \/><\/a><\/div><\/div><div id=\"envira-gallery-item-19932\" class=\"envira-gallery-item enviratope-item envira-gallery-item-8 envira-lazy-load\" style=\"padding-left: 5px; padding-bottom: 10px; padding-right: 5px;\"  itemscope itemtype=\"https:\/\/schema.org\/ImageObject\"><div class=\"envira-gallery-item-inner\"><div class=\"envira-gallery-position-overlay  envira-gallery-top-left\"><\/div><div class=\"envira-gallery-position-overlay  envira-gallery-top-right\"><\/div><div class=\"envira-gallery-position-overlay  envira-gallery-bottom-left\"><\/div><div class=\"envira-gallery-position-overlay  envira-gallery-bottom-right\"><\/div><a href=\"https:\/\/erafutbolfemenino.com\/wp-content\/uploads\/2026\/09\/MG_0657-1-1-scaled.jpg\" class=\"envira-gallery-19924 envira-gallery-link\" rel=\"enviragallery19924\" title=\"_MG_0657 (1) (1)\" data-envira-caption=\"_MG_0657 (1) (1)\" data-envira-retina=\"\" data-thumbnail=\"\"  itemprop=\"contentUrl\"><img id=\"envira-gallery-image-19932\" class=\"envira-gallery-image envira-gallery-image-8 envira-normal envira-lazy\" data-envira-index=\"8\" src=\"https:\/\/erafutbolfemenino.com\/wp-content\/uploads\/2026\/09\/MG_0657-1-1-1024x683-640x480.jpg\" data-envira-src=\"https:\/\/erafutbolfemenino.com\/wp-content\/uploads\/2026\/09\/MG_0657-1-1-1024x683-640x480.jpg\" data-envira-gallery-id=\"19924\" data-envira-item-id=\"19932\" data-envira-caption=\"_MG_0657 (1) (1)\" alt=\"\" title=\"_MG_0657 (1) (1)\"  itemprop=\"thumbnailUrl\" data-envira-srcset=\"https:\/\/erafutbolfemenino.com\/wp-content\/uploads\/2026\/09\/MG_0657-1-1-1024x683-640x480.jpg 400w,https:\/\/erafutbolfemenino.com\/wp-content\/uploads\/2026\/09\/MG_0657-1-1-1024x683-640x480.jpg 2x\" data-envira-width=\"300\" data-envira-height=\"200\" srcset=\"data:image\/gif;base64,R0lGODlhAQABAIAAAP\/\/\/\/\/\/\/yH5BAEKAAEALAAAAAABAAEAAAICTAEAOw==\" data-safe-src=\"data:image\/gif;base64,R0lGODlhAQABAIAAAP\/\/\/\/\/\/\/yH5BAEKAAEALAAAAAABAAEAAAICTAEAOw==\" \/><\/a><\/div><\/div><div id=\"envira-gallery-item-19933\" class=\"envira-gallery-item enviratope-item envira-gallery-item-9 envira-lazy-load\" style=\"padding-left: 5px; padding-bottom: 10px; padding-right: 5px;\"  itemscope itemtype=\"https:\/\/schema.org\/ImageObject\"><div class=\"envira-gallery-item-inner\"><div class=\"envira-gallery-position-overlay  envira-gallery-top-left\"><\/div><div class=\"envira-gallery-position-overlay  envira-gallery-top-right\"><\/div><div class=\"envira-gallery-position-overlay  envira-gallery-bottom-left\"><\/div><div class=\"envira-gallery-position-overlay  envira-gallery-bottom-right\"><\/div><a href=\"https:\/\/erafutbolfemenino.com\/wp-content\/uploads\/2026\/09\/MG_0373-1-scaled.jpg\" class=\"envira-gallery-19924 envira-gallery-link\" rel=\"enviragallery19924\" title=\"_MG_0373 (1)\" data-envira-caption=\"_MG_0373 (1)\" data-envira-retina=\"\" data-thumbnail=\"\"  itemprop=\"contentUrl\"><img id=\"envira-gallery-image-19933\" class=\"envira-gallery-image envira-gallery-image-9 envira-normal envira-lazy\" data-envira-index=\"9\" src=\"https:\/\/erafutbolfemenino.com\/wp-content\/uploads\/2026\/09\/MG_0373-1-1024x683-640x480.jpg\" data-envira-src=\"https:\/\/erafutbolfemenino.com\/wp-content\/uploads\/2026\/09\/MG_0373-1-1024x683-640x480.jpg\" data-envira-gallery-id=\"19924\" data-envira-item-id=\"19933\" data-envira-caption=\"_MG_0373 (1)\" alt=\"\" title=\"_MG_0373 (1)\"  itemprop=\"thumbnailUrl\" data-envira-srcset=\"https:\/\/erafutbolfemenino.com\/wp-content\/uploads\/2026\/09\/MG_0373-1-1024x683-640x480.jpg 400w,https:\/\/erafutbolfemenino.com\/wp-content\/uploads\/2026\/09\/MG_0373-1-1024x683-640x480.jpg 2x\" data-envira-width=\"300\" data-envira-height=\"200\" srcset=\"data:image\/gif;base64,R0lGODlhAQABAIAAAP\/\/\/\/\/\/\/yH5BAEKAAEALAAAAAABAAEAAAICTAEAOw==\" data-safe-src=\"data:image\/gif;base64,R0lGODlhAQABAIAAAP\/\/\/\/\/\/\/yH5BAEKAAEALAAAAAABAAEAAAICTAEAOw==\" \/><\/a><\/div><\/div><div id=\"envira-gallery-item-19934\" class=\"envira-gallery-item enviratope-item envira-gallery-item-10 envira-lazy-load\" style=\"padding-left: 5px; padding-bottom: 10px; padding-right: 5px;\"  itemscope itemtype=\"https:\/\/schema.org\/ImageObject\"><div class=\"envira-gallery-item-inner\"><div class=\"envira-gallery-position-overlay  envira-gallery-top-left\"><\/div><div class=\"envira-gallery-position-overlay  envira-gallery-top-right\"><\/div><div class=\"envira-gallery-position-overlay  envira-gallery-bottom-left\"><\/div><div class=\"envira-gallery-position-overlay  envira-gallery-bottom-right\"><\/div><a href=\"https:\/\/erafutbolfemenino.com\/wp-content\/uploads\/2026\/09\/MG_0809-1-scaled.jpg\" class=\"envira-gallery-19924 envira-gallery-link\" rel=\"enviragallery19924\" title=\"_MG_0809 (1)\" data-envira-caption=\"_MG_0809 (1)\" data-envira-retina=\"\" data-thumbnail=\"\"  itemprop=\"contentUrl\"><img id=\"envira-gallery-image-19934\" class=\"envira-gallery-image envira-gallery-image-10 envira-normal envira-lazy\" data-envira-index=\"10\" src=\"https:\/\/erafutbolfemenino.com\/wp-content\/uploads\/2026\/09\/MG_0809-1-1024x683-640x480.jpg\" data-envira-src=\"https:\/\/erafutbolfemenino.com\/wp-content\/uploads\/2026\/09\/MG_0809-1-1024x683-640x480.jpg\" data-envira-gallery-id=\"19924\" data-envira-item-id=\"19934\" data-envira-caption=\"_MG_0809 (1)\" alt=\"\" title=\"_MG_0809 (1)\"  itemprop=\"thumbnailUrl\" data-envira-srcset=\"https:\/\/erafutbolfemenino.com\/wp-content\/uploads\/2026\/09\/MG_0809-1-1024x683-640x480.jpg 400w,https:\/\/erafutbolfemenino.com\/wp-content\/uploads\/2026\/09\/MG_0809-1-1024x683-640x480.jpg 2x\" data-envira-width=\"300\" data-envira-height=\"200\" srcset=\"data:image\/gif;base64,R0lGODlhAQABAIAAAP\/\/\/\/\/\/\/yH5BAEKAAEALAAAAAABAAEAAAICTAEAOw==\" data-safe-src=\"data:image\/gif;base64,R0lGODlhAQABAIAAAP\/\/\/\/\/\/\/yH5BAEKAAEALAAAAAABAAEAAAICTAEAOw==\" \/><\/a><\/div><\/div><div id=\"envira-gallery-item-19935\" class=\"envira-gallery-item enviratope-item envira-gallery-item-11 envira-lazy-load\" style=\"padding-left: 5px; padding-bottom: 10px; padding-right: 5px;\"  itemscope itemtype=\"https:\/\/schema.org\/ImageObject\"><div class=\"envira-gallery-item-inner\"><div class=\"envira-gallery-position-overlay  envira-gallery-top-left\"><\/div><div class=\"envira-gallery-position-overlay  envira-gallery-top-right\"><\/div><div class=\"envira-gallery-position-overlay  envira-gallery-bottom-left\"><\/div><div class=\"envira-gallery-position-overlay  envira-gallery-bottom-right\"><\/div><a href=\"https:\/\/erafutbolfemenino.com\/wp-content\/uploads\/2026\/09\/MG_0653-1-scaled.jpg\" class=\"envira-gallery-19924 envira-gallery-link\" rel=\"enviragallery19924\" title=\"_MG_0653 (1)\" data-envira-caption=\"_MG_0653 (1)\" data-envira-retina=\"\" data-thumbnail=\"\"  itemprop=\"contentUrl\"><img id=\"envira-gallery-image-19935\" class=\"envira-gallery-image envira-gallery-image-11 envira-normal envira-lazy\" data-envira-index=\"11\" src=\"https:\/\/erafutbolfemenino.com\/wp-content\/uploads\/2026\/09\/MG_0653-1-1024x682-640x480.jpg\" data-envira-src=\"https:\/\/erafutbolfemenino.com\/wp-content\/uploads\/2026\/09\/MG_0653-1-1024x682-640x480.jpg\" data-envira-gallery-id=\"19924\" data-envira-item-id=\"19935\" data-envira-caption=\"_MG_0653 (1)\" alt=\"\" title=\"_MG_0653 (1)\"  itemprop=\"thumbnailUrl\" data-envira-srcset=\"https:\/\/erafutbolfemenino.com\/wp-content\/uploads\/2026\/09\/MG_0653-1-1024x682-640x480.jpg 400w,https:\/\/erafutbolfemenino.com\/wp-content\/uploads\/2026\/09\/MG_0653-1-1024x682-640x480.jpg 2x\" data-envira-width=\"300\" data-envira-height=\"200\" srcset=\"data:image\/gif;base64,R0lGODlhAQABAIAAAP\/\/\/\/\/\/\/yH5BAEKAAEALAAAAAABAAEAAAICTAEAOw==\" data-safe-src=\"data:image\/gif;base64,R0lGODlhAQABAIAAAP\/\/\/\/\/\/\/yH5BAEKAAEALAAAAAABAAEAAAICTAEAOw==\" \/><\/a><\/div><\/div><div id=\"envira-gallery-item-19936\" class=\"envira-gallery-item enviratope-item envira-gallery-item-12 envira-lazy-load\" style=\"padding-left: 5px; padding-bottom: 10px; padding-right: 5px;\"  itemscope itemtype=\"https:\/\/schema.org\/ImageObject\"><div class=\"envira-gallery-item-inner\"><div class=\"envira-gallery-position-overlay  envira-gallery-top-left\"><\/div><div class=\"envira-gallery-position-overlay  envira-gallery-top-right\"><\/div><div class=\"envira-gallery-position-overlay  envira-gallery-bottom-left\"><\/div><div class=\"envira-gallery-position-overlay  envira-gallery-bottom-right\"><\/div><a href=\"https:\/\/erafutbolfemenino.com\/wp-content\/uploads\/2026\/09\/MG_0882-1-scaled.jpg\" class=\"envira-gallery-19924 envira-gallery-link\" rel=\"enviragallery19924\" title=\"_MG_0882 (1)\" data-envira-caption=\"_MG_0882 (1)\" data-envira-retina=\"\" data-thumbnail=\"\"  itemprop=\"contentUrl\"><img id=\"envira-gallery-image-19936\" class=\"envira-gallery-image envira-gallery-image-12 envira-normal envira-lazy\" data-envira-index=\"12\" src=\"https:\/\/erafutbolfemenino.com\/wp-content\/uploads\/2026\/09\/MG_0882-1-1024x683-640x480.jpg\" data-envira-src=\"https:\/\/erafutbolfemenino.com\/wp-content\/uploads\/2026\/09\/MG_0882-1-1024x683-640x480.jpg\" data-envira-gallery-id=\"19924\" data-envira-item-id=\"19936\" data-envira-caption=\"_MG_0882 (1)\" alt=\"\" title=\"_MG_0882 (1)\"  itemprop=\"thumbnailUrl\" data-envira-srcset=\"https:\/\/erafutbolfemenino.com\/wp-content\/uploads\/2026\/09\/MG_0882-1-1024x683-640x480.jpg 400w,https:\/\/erafutbolfemenino.com\/wp-content\/uploads\/2026\/09\/MG_0882-1-1024x683-640x480.jpg 2x\" data-envira-width=\"300\" data-envira-height=\"200\" srcset=\"data:image\/gif;base64,R0lGODlhAQABAIAAAP\/\/\/\/\/\/\/yH5BAEKAAEALAAAAAABAAEAAAICTAEAOw==\" data-safe-src=\"data:image\/gif;base64,R0lGODlhAQABAIAAAP\/\/\/\/\/\/\/yH5BAEKAAEALAAAAAABAAEAAAICTAEAOw==\" \/><\/a><\/div><\/div><div id=\"envira-gallery-item-19937\" class=\"envira-gallery-item enviratope-item envira-gallery-item-13 envira-lazy-load\" style=\"padding-left: 5px; padding-bottom: 10px; padding-right: 5px;\"  itemscope itemtype=\"https:\/\/schema.org\/ImageObject\"><div class=\"envira-gallery-item-inner\"><div class=\"envira-gallery-position-overlay  envira-gallery-top-left\"><\/div><div class=\"envira-gallery-position-overlay  envira-gallery-top-right\"><\/div><div class=\"envira-gallery-position-overlay  envira-gallery-bottom-left\"><\/div><div class=\"envira-gallery-position-overlay  envira-gallery-bottom-right\"><\/div><a href=\"https:\/\/erafutbolfemenino.com\/wp-content\/uploads\/2026\/09\/MG_0644-1-scaled.jpg\" class=\"envira-gallery-19924 envira-gallery-link\" rel=\"enviragallery19924\" title=\"_MG_0644 (1)\" data-envira-caption=\"_MG_0644 (1)\" data-envira-retina=\"\" data-thumbnail=\"\"  itemprop=\"contentUrl\"><img id=\"envira-gallery-image-19937\" class=\"envira-gallery-image envira-gallery-image-13 envira-normal envira-lazy\" data-envira-index=\"13\" src=\"https:\/\/erafutbolfemenino.com\/wp-content\/uploads\/2026\/09\/MG_0644-1-1024x683-640x480.jpg\" data-envira-src=\"https:\/\/erafutbolfemenino.com\/wp-content\/uploads\/2026\/09\/MG_0644-1-1024x683-640x480.jpg\" data-envira-gallery-id=\"19924\" data-envira-item-id=\"19937\" data-envira-caption=\"_MG_0644 (1)\" alt=\"\" title=\"_MG_0644 (1)\"  itemprop=\"thumbnailUrl\" data-envira-srcset=\"https:\/\/erafutbolfemenino.com\/wp-content\/uploads\/2026\/09\/MG_0644-1-1024x683-640x480.jpg 400w,https:\/\/erafutbolfemenino.com\/wp-content\/uploads\/2026\/09\/MG_0644-1-1024x683-640x480.jpg 2x\" data-envira-width=\"300\" data-envira-height=\"200\" srcset=\"data:image\/gif;base64,R0lGODlhAQABAIAAAP\/\/\/\/\/\/\/yH5BAEKAAEALAAAAAABAAEAAAICTAEAOw==\" data-safe-src=\"data:image\/gif;base64,R0lGODlhAQABAIAAAP\/\/\/\/\/\/\/yH5BAEKAAEALAAAAAABAAEAAAICTAEAOw==\" \/><\/a><\/div><\/div><div id=\"envira-gallery-item-19938\" class=\"envira-gallery-item enviratope-item envira-gallery-item-14 envira-lazy-load\" style=\"padding-left: 5px; padding-bottom: 10px; padding-right: 5px;\"  itemscope itemtype=\"https:\/\/schema.org\/ImageObject\"><div class=\"envira-gallery-item-inner\"><div class=\"envira-gallery-position-overlay  envira-gallery-top-left\"><\/div><div class=\"envira-gallery-position-overlay  envira-gallery-top-right\"><\/div><div class=\"envira-gallery-position-overlay  envira-gallery-bottom-left\"><\/div><div class=\"envira-gallery-position-overlay  envira-gallery-bottom-right\"><\/div><a href=\"https:\/\/erafutbolfemenino.com\/wp-content\/uploads\/2026\/09\/MG_0342-1-scaled.jpg\" class=\"envira-gallery-19924 envira-gallery-link\" rel=\"enviragallery19924\" title=\"_MG_0342 (1)\" data-envira-caption=\"_MG_0342 (1)\" data-envira-retina=\"\" data-thumbnail=\"\"  itemprop=\"contentUrl\"><img id=\"envira-gallery-image-19938\" class=\"envira-gallery-image envira-gallery-image-14 envira-normal envira-lazy\" data-envira-index=\"14\" src=\"https:\/\/erafutbolfemenino.com\/wp-content\/uploads\/2026\/09\/MG_0342-1-1024x683-640x480.jpg\" data-envira-src=\"https:\/\/erafutbolfemenino.com\/wp-content\/uploads\/2026\/09\/MG_0342-1-1024x683-640x480.jpg\" data-envira-gallery-id=\"19924\" data-envira-item-id=\"19938\" data-envira-caption=\"_MG_0342 (1)\" alt=\"\" title=\"_MG_0342 (1)\"  itemprop=\"thumbnailUrl\" data-envira-srcset=\"https:\/\/erafutbolfemenino.com\/wp-content\/uploads\/2026\/09\/MG_0342-1-1024x683-640x480.jpg 400w,https:\/\/erafutbolfemenino.com\/wp-content\/uploads\/2026\/09\/MG_0342-1-1024x683-640x480.jpg 2x\" data-envira-width=\"300\" data-envira-height=\"200\" srcset=\"data:image\/gif;base64,R0lGODlhAQABAIAAAP\/\/\/\/\/\/\/yH5BAEKAAEALAAAAAABAAEAAAICTAEAOw==\" data-safe-src=\"data:image\/gif;base64,R0lGODlhAQABAIAAAP\/\/\/\/\/\/\/yH5BAEKAAEALAAAAAABAAEAAAICTAEAOw==\" \/><\/a><\/div><\/div><div id=\"envira-gallery-item-19939\" class=\"envira-gallery-item enviratope-item envira-gallery-item-15 envira-lazy-load\" style=\"padding-left: 5px; padding-bottom: 10px; padding-right: 5px;\"  itemscope itemtype=\"https:\/\/schema.org\/ImageObject\"><div class=\"envira-gallery-item-inner\"><div class=\"envira-gallery-position-overlay  envira-gallery-top-left\"><\/div><div class=\"envira-gallery-position-overlay  envira-gallery-top-right\"><\/div><div class=\"envira-gallery-position-overlay  envira-gallery-bottom-left\"><\/div><div class=\"envira-gallery-position-overlay  envira-gallery-bottom-right\"><\/div><a href=\"https:\/\/erafutbolfemenino.com\/wp-content\/uploads\/2026\/09\/MG_0267-1-scaled.jpg\" class=\"envira-gallery-19924 envira-gallery-link\" rel=\"enviragallery19924\" title=\"_MG_0267 (1)\" data-envira-caption=\"_MG_0267 (1)\" data-envira-retina=\"\" data-thumbnail=\"\"  itemprop=\"contentUrl\"><img id=\"envira-gallery-image-19939\" class=\"envira-gallery-image envira-gallery-image-15 envira-normal envira-lazy\" data-envira-index=\"15\" src=\"https:\/\/erafutbolfemenino.com\/wp-content\/uploads\/2026\/09\/MG_0267-1-1024x683-640x480.jpg\" data-envira-src=\"https:\/\/erafutbolfemenino.com\/wp-content\/uploads\/2026\/09\/MG_0267-1-1024x683-640x480.jpg\" data-envira-gallery-id=\"19924\" data-envira-item-id=\"19939\" data-envira-caption=\"_MG_0267 (1)\" alt=\"\" title=\"_MG_0267 (1)\"  itemprop=\"thumbnailUrl\" data-envira-srcset=\"https:\/\/erafutbolfemenino.com\/wp-content\/uploads\/2026\/09\/MG_0267-1-1024x683-640x480.jpg 400w,https:\/\/erafutbolfemenino.com\/wp-content\/uploads\/2026\/09\/MG_0267-1-1024x683-640x480.jpg 2x\" data-envira-width=\"300\" data-envira-height=\"200\" srcset=\"data:image\/gif;base64,R0lGODlhAQABAIAAAP\/\/\/\/\/\/\/yH5BAEKAAEALAAAAAABAAEAAAICTAEAOw==\" data-safe-src=\"data:image\/gif;base64,R0lGODlhAQABAIAAAP\/\/\/\/\/\/\/yH5BAEKAAEALAAAAAABAAEAAAICTAEAOw==\" \/><\/a><\/div><\/div><div id=\"envira-gallery-item-19940\" class=\"envira-gallery-item enviratope-item envira-gallery-item-16 envira-lazy-load\" style=\"padding-left: 5px; padding-bottom: 10px; padding-right: 5px;\"  itemscope itemtype=\"https:\/\/schema.org\/ImageObject\"><div class=\"envira-gallery-item-inner\"><div class=\"envira-gallery-position-overlay  envira-gallery-top-left\"><\/div><div class=\"envira-gallery-position-overlay  envira-gallery-top-right\"><\/div><div class=\"envira-gallery-position-overlay  envira-gallery-bottom-left\"><\/div><div class=\"envira-gallery-position-overlay  envira-gallery-bottom-right\"><\/div><a href=\"https:\/\/erafutbolfemenino.com\/wp-content\/uploads\/2026\/09\/MG_0953-1-scaled.jpg\" class=\"envira-gallery-19924 envira-gallery-link\" rel=\"enviragallery19924\" title=\"_MG_0953 (1)\" data-envira-caption=\"_MG_0953 (1)\" data-envira-retina=\"\" data-thumbnail=\"\"  itemprop=\"contentUrl\"><img id=\"envira-gallery-image-19940\" class=\"envira-gallery-image envira-gallery-image-16 envira-normal envira-lazy\" data-envira-index=\"16\" src=\"https:\/\/erafutbolfemenino.com\/wp-content\/uploads\/2026\/09\/MG_0953-1-1024x683-640x480.jpg\" data-envira-src=\"https:\/\/erafutbolfemenino.com\/wp-content\/uploads\/2026\/09\/MG_0953-1-1024x683-640x480.jpg\" data-envira-gallery-id=\"19924\" data-envira-item-id=\"19940\" data-envira-caption=\"_MG_0953 (1)\" alt=\"\" title=\"_MG_0953 (1)\"  itemprop=\"thumbnailUrl\" data-envira-srcset=\"https:\/\/erafutbolfemenino.com\/wp-content\/uploads\/2026\/09\/MG_0953-1-1024x683-640x480.jpg 400w,https:\/\/erafutbolfemenino.com\/wp-content\/uploads\/2026\/09\/MG_0953-1-1024x683-640x480.jpg 2x\" data-envira-width=\"300\" data-envira-height=\"200\" srcset=\"data:image\/gif;base64,R0lGODlhAQABAIAAAP\/\/\/\/\/\/\/yH5BAEKAAEALAAAAAABAAEAAAICTAEAOw==\" data-safe-src=\"data:image\/gif;base64,R0lGODlhAQABAIAAAP\/\/\/\/\/\/\/yH5BAEKAAEALAAAAAABAAEAAAICTAEAOw==\" \/><\/a><\/div><\/div><div id=\"envira-gallery-item-19941\" class=\"envira-gallery-item enviratope-item envira-gallery-item-17 envira-lazy-load\" style=\"padding-left: 5px; padding-bottom: 10px; padding-right: 5px;\"  itemscope itemtype=\"https:\/\/schema.org\/ImageObject\"><div class=\"envira-gallery-item-inner\"><div class=\"envira-gallery-position-overlay  envira-gallery-top-left\"><\/div><div class=\"envira-gallery-position-overlay  envira-gallery-top-right\"><\/div><div class=\"envira-gallery-position-overlay  envira-gallery-bottom-left\"><\/div><div class=\"envira-gallery-position-overlay  envira-gallery-bottom-right\"><\/div><a href=\"https:\/\/erafutbolfemenino.com\/wp-content\/uploads\/2026\/09\/MG_0749-1-scaled.jpg\" class=\"envira-gallery-19924 envira-gallery-link\" rel=\"enviragallery19924\" title=\"_MG_0749 (1)\" data-envira-caption=\"_MG_0749 (1)\" data-envira-retina=\"\" data-thumbnail=\"\"  itemprop=\"contentUrl\"><img id=\"envira-gallery-image-19941\" class=\"envira-gallery-image envira-gallery-image-17 envira-normal envira-lazy\" data-envira-index=\"17\" src=\"https:\/\/erafutbolfemenino.com\/wp-content\/uploads\/2026\/09\/MG_0749-1-1024x683-640x480.jpg\" data-envira-src=\"https:\/\/erafutbolfemenino.com\/wp-content\/uploads\/2026\/09\/MG_0749-1-1024x683-640x480.jpg\" data-envira-gallery-id=\"19924\" data-envira-item-id=\"19941\" data-envira-caption=\"_MG_0749 (1)\" alt=\"\" title=\"_MG_0749 (1)\"  itemprop=\"thumbnailUrl\" data-envira-srcset=\"https:\/\/erafutbolfemenino.com\/wp-content\/uploads\/2026\/09\/MG_0749-1-1024x683-640x480.jpg 400w,https:\/\/erafutbolfemenino.com\/wp-content\/uploads\/2026\/09\/MG_0749-1-1024x683-640x480.jpg 2x\" data-envira-width=\"300\" data-envira-height=\"200\" srcset=\"data:image\/gif;base64,R0lGODlhAQABAIAAAP\/\/\/\/\/\/\/yH5BAEKAAEALAAAAAABAAEAAAICTAEAOw==\" data-safe-src=\"data:image\/gif;base64,R0lGODlhAQABAIAAAP\/\/\/\/\/\/\/yH5BAEKAAEALAAAAAABAAEAAAICTAEAOw==\" \/><\/a><\/div><\/div><div id=\"envira-gallery-item-19942\" class=\"envira-gallery-item enviratope-item envira-gallery-item-18 envira-lazy-load\" style=\"padding-left: 5px; padding-bottom: 10px; padding-right: 5px;\"  itemscope itemtype=\"https:\/\/schema.org\/ImageObject\"><div class=\"envira-gallery-item-inner\"><div class=\"envira-gallery-position-overlay  envira-gallery-top-left\"><\/div><div class=\"envira-gallery-position-overlay  envira-gallery-top-right\"><\/div><div class=\"envira-gallery-position-overlay  envira-gallery-bottom-left\"><\/div><div class=\"envira-gallery-position-overlay  envira-gallery-bottom-right\"><\/div><a href=\"https:\/\/erafutbolfemenino.com\/wp-content\/uploads\/2026\/09\/MG_0497-1-scaled.jpg\" class=\"envira-gallery-19924 envira-gallery-link\" rel=\"enviragallery19924\" title=\"_MG_0497 (1)\" data-envira-caption=\"_MG_0497 (1)\" data-envira-retina=\"\" data-thumbnail=\"\"  itemprop=\"contentUrl\"><img id=\"envira-gallery-image-19942\" class=\"envira-gallery-image envira-gallery-image-18 envira-normal envira-lazy\" data-envira-index=\"18\" src=\"https:\/\/erafutbolfemenino.com\/wp-content\/uploads\/2026\/09\/MG_0497-1-1024x683-640x480.jpg\" data-envira-src=\"https:\/\/erafutbolfemenino.com\/wp-content\/uploads\/2026\/09\/MG_0497-1-1024x683-640x480.jpg\" data-envira-gallery-id=\"19924\" data-envira-item-id=\"19942\" data-envira-caption=\"_MG_0497 (1)\" alt=\"\" title=\"_MG_0497 (1)\"  itemprop=\"thumbnailUrl\" data-envira-srcset=\"https:\/\/erafutbolfemenino.com\/wp-content\/uploads\/2026\/09\/MG_0497-1-1024x683-640x480.jpg 400w,https:\/\/erafutbolfemenino.com\/wp-content\/uploads\/2026\/09\/MG_0497-1-1024x683-640x480.jpg 2x\" data-envira-width=\"300\" data-envira-height=\"200\" srcset=\"data:image\/gif;base64,R0lGODlhAQABAIAAAP\/\/\/\/\/\/\/yH5BAEKAAEALAAAAAABAAEAAAICTAEAOw==\" data-safe-src=\"data:image\/gif;base64,R0lGODlhAQABAIAAAP\/\/\/\/\/\/\/yH5BAEKAAEALAAAAAABAAEAAAICTAEAOw==\" \/><\/a><\/div><\/div><div id=\"envira-gallery-item-19943\" class=\"envira-gallery-item enviratope-item envira-gallery-item-19 envira-lazy-load\" style=\"padding-left: 5px; padding-bottom: 10px; padding-right: 5px;\"  itemscope itemtype=\"https:\/\/schema.org\/ImageObject\"><div class=\"envira-gallery-item-inner\"><div class=\"envira-gallery-position-overlay  envira-gallery-top-left\"><\/div><div class=\"envira-gallery-position-overlay  envira-gallery-top-right\"><\/div><div class=\"envira-gallery-position-overlay  envira-gallery-bottom-left\"><\/div><div class=\"envira-gallery-position-overlay  envira-gallery-bottom-right\"><\/div><a href=\"https:\/\/erafutbolfemenino.com\/wp-content\/uploads\/2026\/09\/MG_0629-1-scaled.jpg\" class=\"envira-gallery-19924 envira-gallery-link\" rel=\"enviragallery19924\" title=\"_MG_0629 (1)\" data-envira-caption=\"_MG_0629 (1)\" data-envira-retina=\"\" data-thumbnail=\"\"  itemprop=\"contentUrl\"><img id=\"envira-gallery-image-19943\" class=\"envira-gallery-image envira-gallery-image-19 envira-normal envira-lazy\" data-envira-index=\"19\" src=\"https:\/\/erafutbolfemenino.com\/wp-content\/uploads\/2026\/09\/MG_0629-1-1024x683-640x480.jpg\" data-envira-src=\"https:\/\/erafutbolfemenino.com\/wp-content\/uploads\/2026\/09\/MG_0629-1-1024x683-640x480.jpg\" data-envira-gallery-id=\"19924\" data-envira-item-id=\"19943\" data-envira-caption=\"_MG_0629 (1)\" alt=\"\" title=\"_MG_0629 (1)\"  itemprop=\"thumbnailUrl\" data-envira-srcset=\"https:\/\/erafutbolfemenino.com\/wp-content\/uploads\/2026\/09\/MG_0629-1-1024x683-640x480.jpg 400w,https:\/\/erafutbolfemenino.com\/wp-content\/uploads\/2026\/09\/MG_0629-1-1024x683-640x480.jpg 2x\" data-envira-width=\"300\" data-envira-height=\"200\" srcset=\"data:image\/gif;base64,R0lGODlhAQABAIAAAP\/\/\/\/\/\/\/yH5BAEKAAEALAAAAAABAAEAAAICTAEAOw==\" data-safe-src=\"data:image\/gif;base64,R0lGODlhAQABAIAAAP\/\/\/\/\/\/\/yH5BAEKAAEALAAAAAABAAEAAAICTAEAOw==\" \/><\/a><\/div><\/div><div id=\"envira-gallery-item-19944\" class=\"envira-gallery-item enviratope-item envira-gallery-item-20 envira-lazy-load\" style=\"padding-left: 5px; padding-bottom: 10px; padding-right: 5px;\"  itemscope itemtype=\"https:\/\/schema.org\/ImageObject\"><div class=\"envira-gallery-item-inner\"><div class=\"envira-gallery-position-overlay  envira-gallery-top-left\"><\/div><div class=\"envira-gallery-position-overlay  envira-gallery-top-right\"><\/div><div class=\"envira-gallery-position-overlay  envira-gallery-bottom-left\"><\/div><div class=\"envira-gallery-position-overlay  envira-gallery-bottom-right\"><\/div><a href=\"https:\/\/erafutbolfemenino.com\/wp-content\/uploads\/2026\/09\/MG_0618-1-scaled.jpg\" class=\"envira-gallery-19924 envira-gallery-link\" rel=\"enviragallery19924\" title=\"_MG_0618 (1)\" data-envira-caption=\"_MG_0618 (1)\" data-envira-retina=\"\" data-thumbnail=\"\"  itemprop=\"contentUrl\"><img id=\"envira-gallery-image-19944\" class=\"envira-gallery-image envira-gallery-image-20 envira-normal envira-lazy\" data-envira-index=\"20\" src=\"https:\/\/erafutbolfemenino.com\/wp-content\/uploads\/2026\/09\/MG_0618-1-1024x683-640x480.jpg\" data-envira-src=\"https:\/\/erafutbolfemenino.com\/wp-content\/uploads\/2026\/09\/MG_0618-1-1024x683-640x480.jpg\" data-envira-gallery-id=\"19924\" data-envira-item-id=\"19944\" data-envira-caption=\"_MG_0618 (1)\" alt=\"\" title=\"_MG_0618 (1)\"  itemprop=\"thumbnailUrl\" data-envira-srcset=\"https:\/\/erafutbolfemenino.com\/wp-content\/uploads\/2026\/09\/MG_0618-1-1024x683-640x480.jpg 400w,https:\/\/erafutbolfemenino.com\/wp-content\/uploads\/2026\/09\/MG_0618-1-1024x683-640x480.jpg 2x\" data-envira-width=\"300\" data-envira-height=\"200\" srcset=\"data:image\/gif;base64,R0lGODlhAQABAIAAAP\/\/\/\/\/\/\/yH5BAEKAAEALAAAAAABAAEAAAICTAEAOw==\" data-safe-src=\"data:image\/gif;base64,R0lGODlhAQABAIAAAP\/\/\/\/\/\/\/yH5BAEKAAEALAAAAAABAAEAAAICTAEAOw==\" \/><\/a><\/div><\/div><div id=\"envira-gallery-item-19945\" class=\"envira-gallery-item enviratope-item envira-gallery-item-21 envira-lazy-load\" style=\"padding-left: 5px; padding-bottom: 10px; padding-right: 5px;\"  itemscope itemtype=\"https:\/\/schema.org\/ImageObject\"><div class=\"envira-gallery-item-inner\"><div class=\"envira-gallery-position-overlay  envira-gallery-top-left\"><\/div><div class=\"envira-gallery-position-overlay  envira-gallery-top-right\"><\/div><div class=\"envira-gallery-position-overlay  envira-gallery-bottom-left\"><\/div><div class=\"envira-gallery-position-overlay  envira-gallery-bottom-right\"><\/div><a href=\"https:\/\/erafutbolfemenino.com\/wp-content\/uploads\/2026\/09\/MG_0478-1-scaled.jpg\" class=\"envira-gallery-19924 envira-gallery-link\" rel=\"enviragallery19924\" title=\"_MG_0478 (1)\" data-envira-caption=\"_MG_0478 (1)\" data-envira-retina=\"\" data-thumbnail=\"\"  itemprop=\"contentUrl\"><img id=\"envira-gallery-image-19945\" class=\"envira-gallery-image envira-gallery-image-21 envira-normal envira-lazy\" data-envira-index=\"21\" src=\"https:\/\/erafutbolfemenino.com\/wp-content\/uploads\/2026\/09\/MG_0478-1-1024x683-640x480.jpg\" data-envira-src=\"https:\/\/erafutbolfemenino.com\/wp-content\/uploads\/2026\/09\/MG_0478-1-1024x683-640x480.jpg\" data-envira-gallery-id=\"19924\" data-envira-item-id=\"19945\" data-envira-caption=\"_MG_0478 (1)\" alt=\"\" title=\"_MG_0478 (1)\"  itemprop=\"thumbnailUrl\" data-envira-srcset=\"https:\/\/erafutbolfemenino.com\/wp-content\/uploads\/2026\/09\/MG_0478-1-1024x683-640x480.jpg 400w,https:\/\/erafutbolfemenino.com\/wp-content\/uploads\/2026\/09\/MG_0478-1-1024x683-640x480.jpg 2x\" data-envira-width=\"300\" data-envira-height=\"200\" srcset=\"data:image\/gif;base64,R0lGODlhAQABAIAAAP\/\/\/\/\/\/\/yH5BAEKAAEALAAAAAABAAEAAAICTAEAOw==\" data-safe-src=\"data:image\/gif;base64,R0lGODlhAQABAIAAAP\/\/\/\/\/\/\/yH5BAEKAAEALAAAAAABAAEAAAICTAEAOw==\" \/><\/a><\/div><\/div><div id=\"envira-gallery-item-19946\" class=\"envira-gallery-item enviratope-item envira-gallery-item-22 envira-lazy-load\" style=\"padding-left: 5px; padding-bottom: 10px; padding-right: 5px;\"  itemscope itemtype=\"https:\/\/schema.org\/ImageObject\"><div class=\"envira-gallery-item-inner\"><div class=\"envira-gallery-position-overlay  envira-gallery-top-left\"><\/div><div class=\"envira-gallery-position-overlay  envira-gallery-top-right\"><\/div><div class=\"envira-gallery-position-overlay  envira-gallery-bottom-left\"><\/div><div class=\"envira-gallery-position-overlay  envira-gallery-bottom-right\"><\/div><a href=\"https:\/\/erafutbolfemenino.com\/wp-content\/uploads\/2026\/09\/MG_0566-1-scaled.jpg\" class=\"envira-gallery-19924 envira-gallery-link\" rel=\"enviragallery19924\" title=\"_MG_0566 (1)\" data-envira-caption=\"_MG_0566 (1)\" data-envira-retina=\"\" data-thumbnail=\"\"  itemprop=\"contentUrl\"><img id=\"envira-gallery-image-19946\" class=\"envira-gallery-image envira-gallery-image-22 envira-normal envira-lazy\" data-envira-index=\"22\" src=\"https:\/\/erafutbolfemenino.com\/wp-content\/uploads\/2026\/09\/MG_0566-1-1024x683-640x480.jpg\" data-envira-src=\"https:\/\/erafutbolfemenino.com\/wp-content\/uploads\/2026\/09\/MG_0566-1-1024x683-640x480.jpg\" data-envira-gallery-id=\"19924\" data-envira-item-id=\"19946\" data-envira-caption=\"_MG_0566 (1)\" alt=\"\" title=\"_MG_0566 (1)\"  itemprop=\"thumbnailUrl\" data-envira-srcset=\"https:\/\/erafutbolfemenino.com\/wp-content\/uploads\/2026\/09\/MG_0566-1-1024x683-640x480.jpg 400w,https:\/\/erafutbolfemenino.com\/wp-content\/uploads\/2026\/09\/MG_0566-1-1024x683-640x480.jpg 2x\" data-envira-width=\"300\" data-envira-height=\"200\" srcset=\"data:image\/gif;base64,R0lGODlhAQABAIAAAP\/\/\/\/\/\/\/yH5BAEKAAEALAAAAAABAAEAAAICTAEAOw==\" data-safe-src=\"data:image\/gif;base64,R0lGODlhAQABAIAAAP\/\/\/\/\/\/\/yH5BAEKAAEALAAAAAABAAEAAAICTAEAOw==\" \/><\/a><\/div><\/div><div id=\"envira-gallery-item-19947\" class=\"envira-gallery-item enviratope-item envira-gallery-item-23 envira-lazy-load\" style=\"padding-left: 5px; padding-bottom: 10px; padding-right: 5px;\"  itemscope itemtype=\"https:\/\/schema.org\/ImageObject\"><div class=\"envira-gallery-item-inner\"><div class=\"envira-gallery-position-overlay  envira-gallery-top-left\"><\/div><div class=\"envira-gallery-position-overlay  envira-gallery-top-right\"><\/div><div class=\"envira-gallery-position-overlay  envira-gallery-bottom-left\"><\/div><div class=\"envira-gallery-position-overlay  envira-gallery-bottom-right\"><\/div><a href=\"https:\/\/erafutbolfemenino.com\/wp-content\/uploads\/2026\/09\/MG_0288-1-scaled.jpg\" class=\"envira-gallery-19924 envira-gallery-link\" rel=\"enviragallery19924\" title=\"_MG_0288 (1)\" data-envira-caption=\"_MG_0288 (1)\" data-envira-retina=\"\" data-thumbnail=\"\"  itemprop=\"contentUrl\"><img id=\"envira-gallery-image-19947\" class=\"envira-gallery-image envira-gallery-image-23 envira-normal envira-lazy\" data-envira-index=\"23\" src=\"https:\/\/erafutbolfemenino.com\/wp-content\/uploads\/2026\/09\/MG_0288-1-1024x683-640x480.jpg\" data-envira-src=\"https:\/\/erafutbolfemenino.com\/wp-content\/uploads\/2026\/09\/MG_0288-1-1024x683-640x480.jpg\" data-envira-gallery-id=\"19924\" data-envira-item-id=\"19947\" data-envira-caption=\"_MG_0288 (1)\" alt=\"\" title=\"_MG_0288 (1)\"  itemprop=\"thumbnailUrl\" data-envira-srcset=\"https:\/\/erafutbolfemenino.com\/wp-content\/uploads\/2026\/09\/MG_0288-1-1024x683-640x480.jpg 400w,https:\/\/erafutbolfemenino.com\/wp-content\/uploads\/2026\/09\/MG_0288-1-1024x683-640x480.jpg 2x\" data-envira-width=\"300\" data-envira-height=\"200\" srcset=\"data:image\/gif;base64,R0lGODlhAQABAIAAAP\/\/\/\/\/\/\/yH5BAEKAAEALAAAAAABAAEAAAICTAEAOw==\" data-safe-src=\"data:image\/gif;base64,R0lGODlhAQABAIAAAP\/\/\/\/\/\/\/yH5BAEKAAEALAAAAAABAAEAAAICTAEAOw==\" \/><\/a><\/div><\/div><div id=\"envira-gallery-item-19948\" class=\"envira-gallery-item enviratope-item envira-gallery-item-24 envira-lazy-load\" style=\"padding-left: 5px; padding-bottom: 10px; padding-right: 5px;\"  itemscope itemtype=\"https:\/\/schema.org\/ImageObject\"><div class=\"envira-gallery-item-inner\"><div class=\"envira-gallery-position-overlay  envira-gallery-top-left\"><\/div><div class=\"envira-gallery-position-overlay  envira-gallery-top-right\"><\/div><div class=\"envira-gallery-position-overlay  envira-gallery-bottom-left\"><\/div><div class=\"envira-gallery-position-overlay  envira-gallery-bottom-right\"><\/div><a href=\"https:\/\/erafutbolfemenino.com\/wp-content\/uploads\/2026\/09\/MG_1031-1-2-scaled.jpg\" class=\"envira-gallery-19924 envira-gallery-link\" rel=\"enviragallery19924\" title=\"_MG_1031 (1) (2)\" data-envira-caption=\"_MG_1031 (1) (2)\" data-envira-retina=\"\" data-thumbnail=\"\"  itemprop=\"contentUrl\"><img id=\"envira-gallery-image-19948\" class=\"envira-gallery-image envira-gallery-image-24 envira-normal envira-lazy\" data-envira-index=\"24\" src=\"https:\/\/erafutbolfemenino.com\/wp-content\/uploads\/2026\/09\/MG_1031-1-2-1024x683-640x480.jpg\" data-envira-src=\"https:\/\/erafutbolfemenino.com\/wp-content\/uploads\/2026\/09\/MG_1031-1-2-1024x683-640x480.jpg\" data-envira-gallery-id=\"19924\" data-envira-item-id=\"19948\" data-envira-caption=\"_MG_1031 (1) (2)\" alt=\"\" title=\"_MG_1031 (1) (2)\"  itemprop=\"thumbnailUrl\" data-envira-srcset=\"https:\/\/erafutbolfemenino.com\/wp-content\/uploads\/2026\/09\/MG_1031-1-2-1024x683-640x480.jpg 400w,https:\/\/erafutbolfemenino.com\/wp-content\/uploads\/2026\/09\/MG_1031-1-2-1024x683-640x480.jpg 2x\" data-envira-width=\"300\" data-envira-height=\"200\" srcset=\"data:image\/gif;base64,R0lGODlhAQABAIAAAP\/\/\/\/\/\/\/yH5BAEKAAEALAAAAAABAAEAAAICTAEAOw==\" data-safe-src=\"data:image\/gif;base64,R0lGODlhAQABAIAAAP\/\/\/\/\/\/\/yH5BAEKAAEALAAAAAABAAEAAAICTAEAOw==\" \/><\/a><\/div><\/div><div id=\"envira-gallery-item-19949\" class=\"envira-gallery-item enviratope-item envira-gallery-item-25 envira-lazy-load\" style=\"padding-left: 5px; padding-bottom: 10px; padding-right: 5px;\"  itemscope itemtype=\"https:\/\/schema.org\/ImageObject\"><div class=\"envira-gallery-item-inner\"><div class=\"envira-gallery-position-overlay  envira-gallery-top-left\"><\/div><div class=\"envira-gallery-position-overlay  envira-gallery-top-right\"><\/div><div class=\"envira-gallery-position-overlay  envira-gallery-bottom-left\"><\/div><div class=\"envira-gallery-position-overlay  envira-gallery-bottom-right\"><\/div><a href=\"https:\/\/erafutbolfemenino.com\/wp-content\/uploads\/2026\/09\/MG_0889-1-scaled.jpg\" class=\"envira-gallery-19924 envira-gallery-link\" rel=\"enviragallery19924\" title=\"_MG_0889 (1)\" data-envira-caption=\"_MG_0889 (1)\" data-envira-retina=\"\" data-thumbnail=\"\"  itemprop=\"contentUrl\"><img id=\"envira-gallery-image-19949\" class=\"envira-gallery-image envira-gallery-image-25 envira-normal envira-lazy\" data-envira-index=\"25\" src=\"https:\/\/erafutbolfemenino.com\/wp-content\/uploads\/2026\/09\/MG_0889-1-1024x683-640x480.jpg\" data-envira-src=\"https:\/\/erafutbolfemenino.com\/wp-content\/uploads\/2026\/09\/MG_0889-1-1024x683-640x480.jpg\" data-envira-gallery-id=\"19924\" data-envira-item-id=\"19949\" data-envira-caption=\"_MG_0889 (1)\" alt=\"\" title=\"_MG_0889 (1)\"  itemprop=\"thumbnailUrl\" data-envira-srcset=\"https:\/\/erafutbolfemenino.com\/wp-content\/uploads\/2026\/09\/MG_0889-1-1024x683-640x480.jpg 400w,https:\/\/erafutbolfemenino.com\/wp-content\/uploads\/2026\/09\/MG_0889-1-1024x683-640x480.jpg 2x\" data-envira-width=\"300\" data-envira-height=\"200\" srcset=\"data:image\/gif;base64,R0lGODlhAQABAIAAAP\/\/\/\/\/\/\/yH5BAEKAAEALAAAAAABAAEAAAICTAEAOw==\" data-safe-src=\"data:image\/gif;base64,R0lGODlhAQABAIAAAP\/\/\/\/\/\/\/yH5BAEKAAEALAAAAAABAAEAAAICTAEAOw==\" \/><\/a><\/div><\/div><div id=\"envira-gallery-item-19950\" class=\"envira-gallery-item enviratope-item envira-gallery-item-26 envira-lazy-load\" style=\"padding-left: 5px; padding-bottom: 10px; padding-right: 5px;\"  itemscope itemtype=\"https:\/\/schema.org\/ImageObject\"><div class=\"envira-gallery-item-inner\"><div class=\"envira-gallery-position-overlay  envira-gallery-top-left\"><\/div><div class=\"envira-gallery-position-overlay  envira-gallery-top-right\"><\/div><div class=\"envira-gallery-position-overlay  envira-gallery-bottom-left\"><\/div><div class=\"envira-gallery-position-overlay  envira-gallery-bottom-right\"><\/div><a href=\"https:\/\/erafutbolfemenino.com\/wp-content\/uploads\/2026\/09\/MG_0589-1-scaled.jpg\" class=\"envira-gallery-19924 envira-gallery-link\" rel=\"enviragallery19924\" title=\"_MG_0589 (1)\" data-envira-caption=\"_MG_0589 (1)\" data-envira-retina=\"\" data-thumbnail=\"\"  itemprop=\"contentUrl\"><img id=\"envira-gallery-image-19950\" class=\"envira-gallery-image envira-gallery-image-26 envira-normal envira-lazy\" data-envira-index=\"26\" src=\"https:\/\/erafutbolfemenino.com\/wp-content\/uploads\/2026\/09\/MG_0589-1-1024x683-640x480.jpg\" data-envira-src=\"https:\/\/erafutbolfemenino.com\/wp-content\/uploads\/2026\/09\/MG_0589-1-1024x683-640x480.jpg\" data-envira-gallery-id=\"19924\" data-envira-item-id=\"19950\" data-envira-caption=\"_MG_0589 (1)\" alt=\"\" title=\"_MG_0589 (1)\"  itemprop=\"thumbnailUrl\" data-envira-srcset=\"https:\/\/erafutbolfemenino.com\/wp-content\/uploads\/2026\/09\/MG_0589-1-1024x683-640x480.jpg 400w,https:\/\/erafutbolfemenino.com\/wp-content\/uploads\/2026\/09\/MG_0589-1-1024x683-640x480.jpg 2x\" data-envira-width=\"300\" data-envira-height=\"200\" srcset=\"data:image\/gif;base64,R0lGODlhAQABAIAAAP\/\/\/\/\/\/\/yH5BAEKAAEALAAAAAABAAEAAAICTAEAOw==\" data-safe-src=\"data:image\/gif;base64,R0lGODlhAQABAIAAAP\/\/\/\/\/\/\/yH5BAEKAAEALAAAAAABAAEAAAICTAEAOw==\" \/><\/a><\/div><\/div><div id=\"envira-gallery-item-19951\" class=\"envira-gallery-item enviratope-item envira-gallery-item-27 envira-lazy-load\" style=\"padding-left: 5px; padding-bottom: 10px; padding-right: 5px;\"  itemscope itemtype=\"https:\/\/schema.org\/ImageObject\"><div class=\"envira-gallery-item-inner\"><div class=\"envira-gallery-position-overlay  envira-gallery-top-left\"><\/div><div class=\"envira-gallery-position-overlay  envira-gallery-top-right\"><\/div><div class=\"envira-gallery-position-overlay  envira-gallery-bottom-left\"><\/div><div class=\"envira-gallery-position-overlay  envira-gallery-bottom-right\"><\/div><a href=\"https:\/\/erafutbolfemenino.com\/wp-content\/uploads\/2026\/09\/MG_0258-1-scaled.jpg\" class=\"envira-gallery-19924 envira-gallery-link\" rel=\"enviragallery19924\" title=\"_MG_0258 (1)\" data-envira-caption=\"_MG_0258 (1)\" data-envira-retina=\"\" data-thumbnail=\"\"  itemprop=\"contentUrl\"><img id=\"envira-gallery-image-19951\" class=\"envira-gallery-image envira-gallery-image-27 envira-normal envira-lazy\" data-envira-index=\"27\" src=\"https:\/\/erafutbolfemenino.com\/wp-content\/uploads\/2026\/09\/MG_0258-1-1024x682-640x480.jpg\" data-envira-src=\"https:\/\/erafutbolfemenino.com\/wp-content\/uploads\/2026\/09\/MG_0258-1-1024x682-640x480.jpg\" data-envira-gallery-id=\"19924\" data-envira-item-id=\"19951\" data-envira-caption=\"_MG_0258 (1)\" alt=\"\" title=\"_MG_0258 (1)\"  itemprop=\"thumbnailUrl\" data-envira-srcset=\"https:\/\/erafutbolfemenino.com\/wp-content\/uploads\/2026\/09\/MG_0258-1-1024x682-640x480.jpg 400w,https:\/\/erafutbolfemenino.com\/wp-content\/uploads\/2026\/09\/MG_0258-1-1024x682-640x480.jpg 2x\" data-envira-width=\"300\" data-envira-height=\"200\" srcset=\"data:image\/gif;base64,R0lGODlhAQABAIAAAP\/\/\/\/\/\/\/yH5BAEKAAEALAAAAAABAAEAAAICTAEAOw==\" data-safe-src=\"data:image\/gif;base64,R0lGODlhAQABAIAAAP\/\/\/\/\/\/\/yH5BAEKAAEALAAAAAABAAEAAAICTAEAOw==\" \/><\/a><\/div><\/div><\/div><\/div><noscript><img src=\"https:\/\/erafutbolfemenino.com\/wp-content\/uploads\/2026\/09\/MG_0970-scaled.jpg\" alt=\"\" \/><img src=\"https:\/\/erafutbolfemenino.com\/wp-content\/uploads\/2026\/09\/MG_0801-2-scaled.jpg\" alt=\"\" \/><img src=\"https:\/\/erafutbolfemenino.com\/wp-content\/uploads\/2026\/09\/MG_1399-2-scaled.jpg\" alt=\"\" \/><img src=\"https:\/\/erafutbolfemenino.com\/wp-content\/uploads\/2026\/09\/MG_1190-scaled.jpg\" alt=\"\" \/><img src=\"https:\/\/erafutbolfemenino.com\/wp-content\/uploads\/2026\/09\/MG_0492-1-scaled.jpg\" alt=\"\" \/><img src=\"https:\/\/erafutbolfemenino.com\/wp-content\/uploads\/2026\/09\/MG_0262-1.jpg\" alt=\"\" \/><img src=\"https:\/\/erafutbolfemenino.com\/wp-content\/uploads\/2026\/09\/MG_0397-1-scaled.jpg\" alt=\"\" \/><img src=\"https:\/\/erafutbolfemenino.com\/wp-content\/uploads\/2026\/09\/MG_0657-1-1-scaled.jpg\" alt=\"\" \/><img src=\"https:\/\/erafutbolfemenino.com\/wp-content\/uploads\/2026\/09\/MG_0373-1-scaled.jpg\" alt=\"\" \/><img src=\"https:\/\/erafutbolfemenino.com\/wp-content\/uploads\/2026\/09\/MG_0809-1-scaled.jpg\" alt=\"\" \/><img src=\"https:\/\/erafutbolfemenino.com\/wp-content\/uploads\/2026\/09\/MG_0653-1-scaled.jpg\" alt=\"\" \/><img src=\"https:\/\/erafutbolfemenino.com\/wp-content\/uploads\/2026\/09\/MG_0882-1-scaled.jpg\" alt=\"\" \/><img src=\"https:\/\/erafutbolfemenino.com\/wp-content\/uploads\/2026\/09\/MG_0644-1-scaled.jpg\" alt=\"\" \/><img src=\"https:\/\/erafutbolfemenino.com\/wp-content\/uploads\/2026\/09\/MG_0342-1-scaled.jpg\" alt=\"\" \/><img src=\"https:\/\/erafutbolfemenino.com\/wp-content\/uploads\/2026\/09\/MG_0267-1-scaled.jpg\" alt=\"\" \/><img src=\"https:\/\/erafutbolfemenino.com\/wp-content\/uploads\/2026\/09\/MG_0953-1-scaled.jpg\" alt=\"\" \/><img src=\"https:\/\/erafutbolfemenino.com\/wp-content\/uploads\/2026\/09\/MG_0749-1-scaled.jpg\" alt=\"\" \/><img src=\"https:\/\/erafutbolfemenino.com\/wp-content\/uploads\/2026\/09\/MG_0497-1-scaled.jpg\" alt=\"\" \/><img src=\"https:\/\/erafutbolfemenino.com\/wp-content\/uploads\/2026\/09\/MG_0629-1-scaled.jpg\" alt=\"\" \/><img src=\"https:\/\/erafutbolfemenino.com\/wp-content\/uploads\/2026\/09\/MG_0618-1-scaled.jpg\" alt=\"\" \/><img src=\"https:\/\/erafutbolfemenino.com\/wp-content\/uploads\/2026\/09\/MG_0478-1-scaled.jpg\" alt=\"\" \/><img src=\"https:\/\/erafutbolfemenino.com\/wp-content\/uploads\/2026\/09\/MG_0566-1-scaled.jpg\" alt=\"\" \/><img src=\"https:\/\/erafutbolfemenino.com\/wp-content\/uploads\/2026\/09\/MG_0288-1-scaled.jpg\" alt=\"\" \/><img src=\"https:\/\/erafutbolfemenino.com\/wp-content\/uploads\/2026\/09\/MG_1031-1-2-scaled.jpg\" alt=\"\" \/><img src=\"https:\/\/erafutbolfemenino.com\/wp-content\/uploads\/2026\/09\/MG_0889-1-scaled.jpg\" alt=\"\" \/><img src=\"https:\/\/erafutbolfemenino.com\/wp-content\/uploads\/2026\/09\/MG_0589-1-scaled.jpg\" alt=\"\" \/><img src=\"https:\/\/erafutbolfemenino.com\/wp-content\/uploads\/2026\/09\/MG_0258-1-scaled.jpg\" alt=\"\" \/><\/noscript>\n","protected":false},"excerpt":{"rendered":"","protected":false},"author":61,"featured_media":19940,"comment_status":"open","ping_status":"open","sticky":false,"template":"","format":"standard","meta":[],"categories":[10,1],"tags":[21,53,37,356],"yoast_head":"<!-- This site is optimized with the Yoast SEO plugin v18.6 - https:\/\/yoast.com\/wordpress\/plugins\/seo\/ -->\n<title>Fotogaler\u00eda Sevilla - Barcelona Liga F - Era F\u00fatbol Femenino<\/title>\n<meta name=\"description\" content=\"Las mejores im\u00e1genes del triunfo de las azulgrana por 0-4, con goles de Esmee Brugts, Claudia Pina, Marta Torrej\u00f3n y Vicky L\u00f3pez\" \/>\n<meta name=\"robots\" content=\"index, follow, max-snippet:-1, max-image-preview:large, max-video-preview:-1\" \/>\n<link rel=\"canonical\" href=\"https:\/\/erafutbolfemenino.com\/?p=19953\" \/>\n<meta property=\"og:locale\" content=\"es_ES\" \/>\n<meta property=\"og:type\" content=\"article\" \/>\n<meta property=\"og:title\" content=\"Fotogaler\u00eda Sevilla - Barcelona Liga F - Era F\u00fatbol Femenino\" \/>\n<meta property=\"og:description\" content=\"Las mejores im\u00e1genes del triunfo de las azulgrana por 0-4, con goles de Esmee Brugts, Claudia Pina, Marta Torrej\u00f3n y Vicky L\u00f3pez\" \/>\n<meta property=\"og:url\" content=\"https:\/\/erafutbolfemenino.com\/?p=19953\" \/>\n<meta property=\"og:site_name\" content=\"Era F\u00fatbol Femenino\" \/>\n<meta property=\"article:published_time\" content=\"2026-09-06T09:25:21+00:00\" \/>\n<meta property=\"article:modified_time\" content=\"2026-09-06T09:36:14+00:00\" \/>\n<meta property=\"og:image\" content=\"https:\/\/erafutbolfemenino.com\/wp-content\/uploads\/2026\/09\/MG_0953-1-scaled.jpg\" \/>\n\t<meta property=\"og:image:width\" content=\"2560\" \/>\n\t<meta property=\"og:image:height\" content=\"1707\" \/>\n\t<meta property=\"og:image:type\" content=\"image\/jpeg\" \/>\n<meta name=\"twitter:card\" content=\"summary_large_image\" \/>\n<meta name=\"twitter:label1\" content=\"Escrito por\" \/>\n\t<meta name=\"twitter:data1\" content=\"Ignacio Lacave Ponce\" \/>\n\t<meta name=\"twitter:label2\" content=\"Tiempo de lectura\" \/>\n\t<meta name=\"twitter:data2\" content=\"1 minuto\" \/>\n<script type=\"application\/ld+json\" class=\"yoast-schema-graph\">{\"@context\":\"https:\/\/schema.org\",\"@graph\":[{\"@type\":\"WebSite\",\"@id\":\"https:\/\/erafutbolfemenino.com\/#website\",\"url\":\"https:\/\/erafutbolfemenino.com\/\",\"name\":\"Era F\u00fatbol Femenino\",\"description\":\"Bienvenidos a una nueva era del futfem\",\"potentialAction\":[{\"@type\":\"SearchAction\",\"target\":{\"@type\":\"EntryPoint\",\"urlTemplate\":\"https:\/\/erafutbolfemenino.com\/?s={search_term_string}\"},\"query-input\":\"required name=search_term_string\"}],\"inLanguage\":\"es\"},{\"@type\":\"ImageObject\",\"@id\":\"https:\/\/erafutbolfemenino.com\/?p=19953#primaryimage\",\"inLanguage\":\"es\",\"url\":\"https:\/\/erafutbolfemenino.com\/wp-content\/uploads\/2026\/09\/MG_0953-1-scaled.jpg\",\"contentUrl\":\"https:\/\/erafutbolfemenino.com\/wp-content\/uploads\/2026\/09\/MG_0953-1-scaled.jpg\",\"width\":2560,\"height\":1707},{\"@type\":\"WebPage\",\"@id\":\"https:\/\/erafutbolfemenino.com\/?p=19953#webpage\",\"url\":\"https:\/\/erafutbolfemenino.com\/?p=19953\",\"name\":\"Fotogaler\u00eda Sevilla - Barcelona Liga F - Era F\u00fatbol Femenino\",\"isPartOf\":{\"@id\":\"https:\/\/erafutbolfemenino.com\/#website\"},\"primaryImageOfPage\":{\"@id\":\"https:\/\/erafutbolfemenino.com\/?p=19953#primaryimage\"},\"datePublished\":\"2026-09-06T09:25:21+00:00\",\"dateModified\":\"2026-09-06T09:36:14+00:00\",\"author\":{\"@id\":\"https:\/\/erafutbolfemenino.com\/#\/schema\/person\/abf405d6929dffa878479aa4fcdc3ff8\"},\"description\":\"Las mejores im\u00e1genes del triunfo de las azulgrana por 0-4, con goles de Esmee Brugts, Claudia Pina, Marta Torrej\u00f3n y Vicky L\u00f3pez\",\"breadcrumb\":{\"@id\":\"https:\/\/erafutbolfemenino.com\/?p=19953#breadcrumb\"},\"inLanguage\":\"es\",\"potentialAction\":[{\"@type\":\"ReadAction\",\"target\":[\"https:\/\/erafutbolfemenino.com\/?p=19953\"]}]},{\"@type\":\"BreadcrumbList\",\"@id\":\"https:\/\/erafutbolfemenino.com\/?p=19953#breadcrumb\",\"itemListElement\":[{\"@type\":\"ListItem\",\"position\":1,\"name\":\"Portada\",\"item\":\"https:\/\/erafutbolfemenino.com\/\"},{\"@type\":\"ListItem\",\"position\":2,\"name\":\"Fotogaler\u00eda Sevilla &#8211; Barcelona Liga F\"}]},{\"@type\":\"Person\",\"@id\":\"https:\/\/erafutbolfemenino.com\/#\/schema\/person\/abf405d6929dffa878479aa4fcdc3ff8\",\"name\":\"Ignacio Lacave Ponce\",\"image\":{\"@type\":\"ImageObject\",\"@id\":\"https:\/\/erafutbolfemenino.com\/#personlogo\",\"inLanguage\":\"es\",\"url\":\"https:\/\/secure.gravatar.com\/avatar\/f9fd2ef20864538c19a1f9aa7b7da4ae?s=96&d=mm&r=g\",\"contentUrl\":\"https:\/\/secure.gravatar.com\/avatar\/f9fd2ef20864538c19a1f9aa7b7da4ae?s=96&d=mm&r=g\",\"caption\":\"Ignacio Lacave Ponce\"},\"sameAs\":[\"http:\/\/erafutbolfemenino.com\"],\"url\":\"https:\/\/erafutbolfemenino.com\/?author=61\"}]}<\/script>\n<!-- \/ Yoast SEO plugin. -->","yoast_head_json":{"title":"Fotogaler\u00eda Sevilla - Barcelona Liga F - Era F\u00fatbol Femenino","description":"Las mejores im\u00e1genes del triunfo de las azulgrana por 0-4, con goles de Esmee Brugts, Claudia Pina, Marta Torrej\u00f3n y Vicky L\u00f3pez","robots":{"index":"index","follow":"follow","max-snippet":"max-snippet:-1","max-image-preview":"max-image-preview:large","max-video-preview":"max-video-preview:-1"},"canonical":"https:\/\/erafutbolfemenino.com\/?p=19953","og_locale":"es_ES","og_type":"article","og_title":"Fotogaler\u00eda Sevilla - Barcelona Liga F - Era F\u00fatbol Femenino","og_description":"Las mejores im\u00e1genes del triunfo de las azulgrana por 0-4, con goles de Esmee Brugts, Claudia Pina, Marta Torrej\u00f3n y Vicky L\u00f3pez","og_url":"https:\/\/erafutbolfemenino.com\/?p=19953","og_site_name":"Era F\u00fatbol Femenino","article_published_time":"2026-09-06T09:25:21+00:00","article_modified_time":"2026-09-06T09:36:14+00:00","og_image":[{"width":2560,"height":1707,"url":"https:\/\/erafutbolfemenino.com\/wp-content\/uploads\/2026\/09\/MG_0953-1-scaled.jpg","type":"image\/jpeg"}],"twitter_card":"summary_large_image","twitter_misc":{"Escrito por":"Ignacio Lacave Ponce","Tiempo de lectura":"1 minuto"},"schema":{"@context":"https:\/\/schema.org","@graph":[{"@type":"WebSite","@id":"https:\/\/erafutbolfemenino.com\/#website","url":"https:\/\/erafutbolfemenino.com\/","name":"Era F\u00fatbol Femenino","description":"Bienvenidos a una nueva era del futfem","potentialAction":[{"@type":"SearchAction","target":{"@type":"EntryPoint","urlTemplate":"https:\/\/erafutbolfemenino.com\/?s={search_term_string}"},"query-input":"required name=search_term_string"}],"inLanguage":"es"},{"@type":"ImageObject","@id":"https:\/\/erafutbolfemenino.com\/?p=19953#primaryimage","inLanguage":"es","url":"https:\/\/erafutbolfemenino.com\/wp-content\/uploads\/2026\/09\/MG_0953-1-scaled.jpg","contentUrl":"https:\/\/erafutbolfemenino.com\/wp-content\/uploads\/2026\/09\/MG_0953-1-scaled.jpg","width":2560,"height":1707},{"@type":"WebPage","@id":"https:\/\/erafutbolfemenino.com\/?p=19953#webpage","url":"https:\/\/erafutbolfemenino.com\/?p=19953","name":"Fotogaler\u00eda Sevilla - Barcelona Liga F - Era F\u00fatbol Femenino","isPartOf":{"@id":"https:\/\/erafutbolfemenino.com\/#website"},"primaryImageOfPage":{"@id":"https:\/\/erafutbolfemenino.com\/?p=19953#primaryimage"},"datePublished":"2026-09-06T09:25:21+00:00","dateModified":"2026-09-06T09:36:14+00:00","author":{"@id":"https:\/\/erafutbolfemenino.com\/#\/schema\/person\/abf405d6929dffa878479aa4fcdc3ff8"},"description":"Las mejores im\u00e1genes del triunfo de las azulgrana por 0-4, con goles de Esmee Brugts, Claudia Pina, Marta Torrej\u00f3n y Vicky L\u00f3pez","breadcrumb":{"@id":"https:\/\/erafutbolfemenino.com\/?p=19953#breadcrumb"},"inLanguage":"es","potentialAction":[{"@type":"ReadAction","target":["https:\/\/erafutbolfemenino.com\/?p=19953"]}]},{"@type":"BreadcrumbList","@id":"https:\/\/erafutbolfemenino.com\/?p=19953#breadcrumb","itemListElement":[{"@type":"ListItem","position":1,"name":"Portada","item":"https:\/\/erafutbolfemenino.com\/"},{"@type":"ListItem","position":2,"name":"Fotogaler\u00eda Sevilla &#8211; Barcelona Liga F"}]},{"@type":"Person","@id":"https:\/\/erafutbolfemenino.com\/#\/schema\/person\/abf405d6929dffa878479aa4fcdc3ff8","name":"Ignacio Lacave Ponce","image":{"@type":"ImageObject","@id":"https:\/\/erafutbolfemenino.com\/#personlogo","inLanguage":"es","url":"https:\/\/secure.gravatar.com\/avatar\/f9fd2ef20864538c19a1f9aa7b7da4ae?s=96&d=mm&r=g","contentUrl":"https:\/\/secure.gravatar.com\/avatar\/f9fd2ef20864538c19a1f9aa7b7da4ae?s=96&d=mm&r=g","caption":"Ignacio Lacave Ponce"},"sameAs":["http:\/\/erafutbolfemenino.com"],"url":"https:\/\/erafutbolfemenino.com\/?author=61"}]}},"_links":{"self":[{"href":"https:\/\/erafutbolfemenino.com\/index.php?rest_route=\/wp\/v2\/posts\/19953"}],"collection":[{"href":"https:\/\/erafutbolfemenino.com\/index.php?rest_route=\/wp\/v2\/posts"}],"about":[{"href":"https:\/\/erafutbolfemenino.com\/index.php?rest_route=\/wp\/v2\/types\/post"}],"author":[{"embeddable":true,"href":"https:\/\/erafutbolfemenino.com\/index.php?rest_route=\/wp\/v2\/users\/61"}],"replies":[{"embeddable":true,"href":"https:\/\/erafutbolfemenino.com\/index.php?rest_route=%2Fwp%2Fv2%2Fcomments&post=19953"}],"version-history":[{"count":1,"href":"https:\/\/erafutbolfemenino.com\/index.php?rest_route=\/wp\/v2\/posts\/19953\/revisions"}],"predecessor-version":[{"id":19954,"href":"https:\/\/erafutbolfemenino.com\/index.php?rest_route=\/wp\/v2\/posts\/19953\/revisions\/19954"}],"wp:featuredmedia":[{"embeddable":true,"href":"https:\/\/erafutbolfemenino.com\/index.php?rest_route=\/wp\/v2\/media\/19940"}],"wp:attachment":[{"href":"https:\/\/erafutbolfemenino.com\/index.php?rest_route=%2Fwp%2Fv2%2Fmedia&parent=19953"}],"wp:term":[{"taxonomy":"category","embeddable":true,"href":"https:\/\/erafutbolfemenino.com\/index.php?rest_route=%2Fwp%2Fv2%2Fcategories&post=19953"},{"taxonomy":"post_tag","embeddable":true,"href":"https:\/\/erafutbolfemenino.com\/index.php?rest_route=%2Fwp%2Fv2%2Ftags&post=19953"}],"curies":[{"name":"wp","href":"https:\/\/api.w.org\/{rel}","templated":true}]}}