{"id":19920,"date":"2026-09-03T12:28:27","date_gmt":"2026-09-03T12:28:27","guid":{"rendered":"https:\/\/erafutbolfemenino.com\/?p=19920"},"modified":"2026-09-03T12:28:29","modified_gmt":"2026-09-03T12:28:29","slug":"fotogaleria-real-sociedad-chelsea-vuelta-previa-uwcl","status":"publish","type":"post","link":"https:\/\/erafutbolfemenino.com\/?p=19920","title":{"rendered":"Fotogaler\u00eda Real Sociedad-Chelsea vuelta previa UWCL"},"content":{"rendered":"\n<div id=\"envira-gallery-wrap-19905\" class=\"envira-gallery-wrap envira-gallery-theme-base envira-lightbox-theme-base\" itemscope itemtype=\"https:\/\/schema.org\/ImageGallery\"><div data-row-height=\"150\" data-gallery-theme=\"normal\" id=\"envira-gallery-19905\" class=\"envira-gallery-public envira-gallery-justified-public envira-gallery-0-columns envira-clear enviratope envira-gallery-css-animations\" data-envira-columns=\"0\"><div id=\"envira-gallery-item-19906\" class=\"envira-gallery-item enviratope-item envira-gallery-item-1 envira-lazy-load\" style=\"padding-left: 5px; padding-bottom: 10px; padding-right: 5px;\"  itemscope itemtype=\"https:\/\/schema.org\/ImageObject\"><div class=\"envira-gallery-item-inner\"><div class=\"envira-gallery-position-overlay  envira-gallery-top-left\"><\/div><div class=\"envira-gallery-position-overlay  envira-gallery-top-right\"><\/div><div class=\"envira-gallery-position-overlay  envira-gallery-bottom-left\"><\/div><div class=\"envira-gallery-position-overlay  envira-gallery-bottom-right\"><\/div><a href=\"https:\/\/erafutbolfemenino.com\/wp-content\/uploads\/2026\/09\/IMG_6298-scaled.jpg\" class=\"envira-gallery-19905 envira-gallery-link\" rel=\"enviragallery19905\" title=\"IMG_6298\" data-envira-caption=\"IMG_6298\" data-envira-retina=\"\" data-thumbnail=\"\"  itemprop=\"contentUrl\"><img id=\"envira-gallery-image-19906\" class=\"envira-gallery-image envira-gallery-image-1 envira-normal envira-lazy\" data-envira-index=\"1\" src=\"https:\/\/erafutbolfemenino.com\/wp-content\/uploads\/2026\/09\/IMG_6298-1024x683-640x480.jpg\" data-envira-src=\"https:\/\/erafutbolfemenino.com\/wp-content\/uploads\/2026\/09\/IMG_6298-1024x683-640x480.jpg\" data-envira-gallery-id=\"19905\" data-envira-item-id=\"19906\" data-envira-caption=\"IMG_6298\" alt=\"\" title=\"IMG_6298\"  itemprop=\"thumbnailUrl\" data-envira-srcset=\"https:\/\/erafutbolfemenino.com\/wp-content\/uploads\/2026\/09\/IMG_6298-1024x683-640x480.jpg 400w,https:\/\/erafutbolfemenino.com\/wp-content\/uploads\/2026\/09\/IMG_6298-1024x683-640x480.jpg 2x\" data-envira-width=\"300\" data-envira-height=\"200\" srcset=\"data:image\/gif;base64,R0lGODlhAQABAIAAAP\/\/\/\/\/\/\/yH5BAEKAAEALAAAAAABAAEAAAICTAEAOw==\" data-safe-src=\"data:image\/gif;base64,R0lGODlhAQABAIAAAP\/\/\/\/\/\/\/yH5BAEKAAEALAAAAAABAAEAAAICTAEAOw==\" \/><\/a><\/div><\/div><div id=\"envira-gallery-item-19907\" class=\"envira-gallery-item enviratope-item envira-gallery-item-2 envira-lazy-load\" style=\"padding-left: 5px; padding-bottom: 10px; padding-right: 5px;\"  itemscope itemtype=\"https:\/\/schema.org\/ImageObject\"><div class=\"envira-gallery-item-inner\"><div class=\"envira-gallery-position-overlay  envira-gallery-top-left\"><\/div><div class=\"envira-gallery-position-overlay  envira-gallery-top-right\"><\/div><div class=\"envira-gallery-position-overlay  envira-gallery-bottom-left\"><\/div><div class=\"envira-gallery-position-overlay  envira-gallery-bottom-right\"><\/div><a href=\"https:\/\/erafutbolfemenino.com\/wp-content\/uploads\/2026\/09\/IMG_6431-scaled.jpg\" class=\"envira-gallery-19905 envira-gallery-link\" rel=\"enviragallery19905\" title=\"IMG_6431\" data-envira-caption=\"IMG_6431\" data-envira-retina=\"\" data-thumbnail=\"\"  itemprop=\"contentUrl\"><img id=\"envira-gallery-image-19907\" class=\"envira-gallery-image envira-gallery-image-2 envira-normal envira-lazy\" data-envira-index=\"2\" src=\"https:\/\/erafutbolfemenino.com\/wp-content\/uploads\/2026\/09\/IMG_6431-1024x683-640x480.jpg\" data-envira-src=\"https:\/\/erafutbolfemenino.com\/wp-content\/uploads\/2026\/09\/IMG_6431-1024x683-640x480.jpg\" data-envira-gallery-id=\"19905\" data-envira-item-id=\"19907\" data-envira-caption=\"IMG_6431\" alt=\"\" title=\"IMG_6431\"  itemprop=\"thumbnailUrl\" data-envira-srcset=\"https:\/\/erafutbolfemenino.com\/wp-content\/uploads\/2026\/09\/IMG_6431-1024x683-640x480.jpg 400w,https:\/\/erafutbolfemenino.com\/wp-content\/uploads\/2026\/09\/IMG_6431-1024x683-640x480.jpg 2x\" data-envira-width=\"300\" data-envira-height=\"200\" srcset=\"data:image\/gif;base64,R0lGODlhAQABAIAAAP\/\/\/\/\/\/\/yH5BAEKAAEALAAAAAABAAEAAAICTAEAOw==\" data-safe-src=\"data:image\/gif;base64,R0lGODlhAQABAIAAAP\/\/\/\/\/\/\/yH5BAEKAAEALAAAAAABAAEAAAICTAEAOw==\" \/><\/a><\/div><\/div><div id=\"envira-gallery-item-19908\" class=\"envira-gallery-item enviratope-item envira-gallery-item-3 envira-lazy-load\" style=\"padding-left: 5px; padding-bottom: 10px; padding-right: 5px;\"  itemscope itemtype=\"https:\/\/schema.org\/ImageObject\"><div class=\"envira-gallery-item-inner\"><div class=\"envira-gallery-position-overlay  envira-gallery-top-left\"><\/div><div class=\"envira-gallery-position-overlay  envira-gallery-top-right\"><\/div><div class=\"envira-gallery-position-overlay  envira-gallery-bottom-left\"><\/div><div class=\"envira-gallery-position-overlay  envira-gallery-bottom-right\"><\/div><a href=\"https:\/\/erafutbolfemenino.com\/wp-content\/uploads\/2026\/09\/IMG_6454-scaled.jpg\" class=\"envira-gallery-19905 envira-gallery-link\" rel=\"enviragallery19905\" title=\"IMG_6454\" data-envira-caption=\"IMG_6454\" data-envira-retina=\"\" data-thumbnail=\"\"  itemprop=\"contentUrl\"><img id=\"envira-gallery-image-19908\" class=\"envira-gallery-image envira-gallery-image-3 envira-normal envira-lazy\" data-envira-index=\"3\" src=\"https:\/\/erafutbolfemenino.com\/wp-content\/uploads\/2026\/09\/IMG_6454-808x1024-640x480.jpg\" data-envira-src=\"https:\/\/erafutbolfemenino.com\/wp-content\/uploads\/2026\/09\/IMG_6454-808x1024-640x480.jpg\" data-envira-gallery-id=\"19905\" data-envira-item-id=\"19908\" data-envira-caption=\"IMG_6454\" alt=\"\" title=\"IMG_6454\"  itemprop=\"thumbnailUrl\" data-envira-srcset=\"https:\/\/erafutbolfemenino.com\/wp-content\/uploads\/2026\/09\/IMG_6454-808x1024-640x480.jpg 400w,https:\/\/erafutbolfemenino.com\/wp-content\/uploads\/2026\/09\/IMG_6454-808x1024-640x480.jpg 2x\" data-envira-width=\"237\" data-envira-height=\"300\" srcset=\"data:image\/gif;base64,R0lGODlhAQABAIAAAP\/\/\/\/\/\/\/yH5BAEKAAEALAAAAAABAAEAAAICTAEAOw==\" data-safe-src=\"data:image\/gif;base64,R0lGODlhAQABAIAAAP\/\/\/\/\/\/\/yH5BAEKAAEALAAAAAABAAEAAAICTAEAOw==\" \/><\/a><\/div><\/div><div id=\"envira-gallery-item-19909\" class=\"envira-gallery-item enviratope-item envira-gallery-item-4 envira-lazy-load\" style=\"padding-left: 5px; padding-bottom: 10px; padding-right: 5px;\"  itemscope itemtype=\"https:\/\/schema.org\/ImageObject\"><div class=\"envira-gallery-item-inner\"><div class=\"envira-gallery-position-overlay  envira-gallery-top-left\"><\/div><div class=\"envira-gallery-position-overlay  envira-gallery-top-right\"><\/div><div class=\"envira-gallery-position-overlay  envira-gallery-bottom-left\"><\/div><div class=\"envira-gallery-position-overlay  envira-gallery-bottom-right\"><\/div><a href=\"https:\/\/erafutbolfemenino.com\/wp-content\/uploads\/2026\/09\/IMG_6470-scaled.jpg\" class=\"envira-gallery-19905 envira-gallery-link\" rel=\"enviragallery19905\" title=\"IMG_6470\" data-envira-caption=\"IMG_6470\" data-envira-retina=\"\" data-thumbnail=\"\"  itemprop=\"contentUrl\"><img id=\"envira-gallery-image-19909\" class=\"envira-gallery-image envira-gallery-image-4 envira-normal envira-lazy\" data-envira-index=\"4\" src=\"https:\/\/erafutbolfemenino.com\/wp-content\/uploads\/2026\/09\/IMG_6470-1024x683-640x480.jpg\" data-envira-src=\"https:\/\/erafutbolfemenino.com\/wp-content\/uploads\/2026\/09\/IMG_6470-1024x683-640x480.jpg\" data-envira-gallery-id=\"19905\" data-envira-item-id=\"19909\" data-envira-caption=\"IMG_6470\" alt=\"\" title=\"IMG_6470\"  itemprop=\"thumbnailUrl\" data-envira-srcset=\"https:\/\/erafutbolfemenino.com\/wp-content\/uploads\/2026\/09\/IMG_6470-1024x683-640x480.jpg 400w,https:\/\/erafutbolfemenino.com\/wp-content\/uploads\/2026\/09\/IMG_6470-1024x683-640x480.jpg 2x\" data-envira-width=\"300\" data-envira-height=\"200\" srcset=\"data:image\/gif;base64,R0lGODlhAQABAIAAAP\/\/\/\/\/\/\/yH5BAEKAAEALAAAAAABAAEAAAICTAEAOw==\" data-safe-src=\"data:image\/gif;base64,R0lGODlhAQABAIAAAP\/\/\/\/\/\/\/yH5BAEKAAEALAAAAAABAAEAAAICTAEAOw==\" \/><\/a><\/div><\/div><div id=\"envira-gallery-item-19910\" class=\"envira-gallery-item enviratope-item envira-gallery-item-5 envira-lazy-load\" style=\"padding-left: 5px; padding-bottom: 10px; padding-right: 5px;\"  itemscope itemtype=\"https:\/\/schema.org\/ImageObject\"><div class=\"envira-gallery-item-inner\"><div class=\"envira-gallery-position-overlay  envira-gallery-top-left\"><\/div><div class=\"envira-gallery-position-overlay  envira-gallery-top-right\"><\/div><div class=\"envira-gallery-position-overlay  envira-gallery-bottom-left\"><\/div><div class=\"envira-gallery-position-overlay  envira-gallery-bottom-right\"><\/div><a href=\"https:\/\/erafutbolfemenino.com\/wp-content\/uploads\/2026\/09\/IMG_6489-scaled.jpg\" class=\"envira-gallery-19905 envira-gallery-link\" rel=\"enviragallery19905\" title=\"IMG_6489\" data-envira-caption=\"IMG_6489\" data-envira-retina=\"\" data-thumbnail=\"\"  itemprop=\"contentUrl\"><img id=\"envira-gallery-image-19910\" class=\"envira-gallery-image envira-gallery-image-5 envira-normal envira-lazy\" data-envira-index=\"5\" src=\"https:\/\/erafutbolfemenino.com\/wp-content\/uploads\/2026\/09\/IMG_6489-714x1024-640x480.jpg\" data-envira-src=\"https:\/\/erafutbolfemenino.com\/wp-content\/uploads\/2026\/09\/IMG_6489-714x1024-640x480.jpg\" data-envira-gallery-id=\"19905\" data-envira-item-id=\"19910\" data-envira-caption=\"IMG_6489\" alt=\"\" title=\"IMG_6489\"  itemprop=\"thumbnailUrl\" data-envira-srcset=\"https:\/\/erafutbolfemenino.com\/wp-content\/uploads\/2026\/09\/IMG_6489-714x1024-640x480.jpg 400w,https:\/\/erafutbolfemenino.com\/wp-content\/uploads\/2026\/09\/IMG_6489-714x1024-640x480.jpg 2x\" data-envira-width=\"209\" data-envira-height=\"300\" srcset=\"data:image\/gif;base64,R0lGODlhAQABAIAAAP\/\/\/\/\/\/\/yH5BAEKAAEALAAAAAABAAEAAAICTAEAOw==\" data-safe-src=\"data:image\/gif;base64,R0lGODlhAQABAIAAAP\/\/\/\/\/\/\/yH5BAEKAAEALAAAAAABAAEAAAICTAEAOw==\" \/><\/a><\/div><\/div><div id=\"envira-gallery-item-19911\" class=\"envira-gallery-item enviratope-item envira-gallery-item-6 envira-lazy-load\" style=\"padding-left: 5px; padding-bottom: 10px; padding-right: 5px;\"  itemscope itemtype=\"https:\/\/schema.org\/ImageObject\"><div class=\"envira-gallery-item-inner\"><div class=\"envira-gallery-position-overlay  envira-gallery-top-left\"><\/div><div class=\"envira-gallery-position-overlay  envira-gallery-top-right\"><\/div><div class=\"envira-gallery-position-overlay  envira-gallery-bottom-left\"><\/div><div class=\"envira-gallery-position-overlay  envira-gallery-bottom-right\"><\/div><a href=\"https:\/\/erafutbolfemenino.com\/wp-content\/uploads\/2026\/09\/IMG_6535-scaled.jpg\" class=\"envira-gallery-19905 envira-gallery-link\" rel=\"enviragallery19905\" title=\"IMG_6535\" data-envira-caption=\"IMG_6535\" data-envira-retina=\"\" data-thumbnail=\"\"  itemprop=\"contentUrl\"><img id=\"envira-gallery-image-19911\" class=\"envira-gallery-image envira-gallery-image-6 envira-normal envira-lazy\" data-envira-index=\"6\" src=\"https:\/\/erafutbolfemenino.com\/wp-content\/uploads\/2026\/09\/IMG_6535-650x1024-640x480.jpg\" data-envira-src=\"https:\/\/erafutbolfemenino.com\/wp-content\/uploads\/2026\/09\/IMG_6535-650x1024-640x480.jpg\" data-envira-gallery-id=\"19905\" data-envira-item-id=\"19911\" data-envira-caption=\"IMG_6535\" alt=\"\" title=\"IMG_6535\"  itemprop=\"thumbnailUrl\" data-envira-srcset=\"https:\/\/erafutbolfemenino.com\/wp-content\/uploads\/2026\/09\/IMG_6535-650x1024-640x480.jpg 400w,https:\/\/erafutbolfemenino.com\/wp-content\/uploads\/2026\/09\/IMG_6535-650x1024-640x480.jpg 2x\" data-envira-width=\"190\" data-envira-height=\"300\" srcset=\"data:image\/gif;base64,R0lGODlhAQABAIAAAP\/\/\/\/\/\/\/yH5BAEKAAEALAAAAAABAAEAAAICTAEAOw==\" data-safe-src=\"data:image\/gif;base64,R0lGODlhAQABAIAAAP\/\/\/\/\/\/\/yH5BAEKAAEALAAAAAABAAEAAAICTAEAOw==\" \/><\/a><\/div><\/div><div id=\"envira-gallery-item-19912\" class=\"envira-gallery-item enviratope-item envira-gallery-item-7 envira-lazy-load\" style=\"padding-left: 5px; padding-bottom: 10px; padding-right: 5px;\"  itemscope itemtype=\"https:\/\/schema.org\/ImageObject\"><div class=\"envira-gallery-item-inner\"><div class=\"envira-gallery-position-overlay  envira-gallery-top-left\"><\/div><div class=\"envira-gallery-position-overlay  envira-gallery-top-right\"><\/div><div class=\"envira-gallery-position-overlay  envira-gallery-bottom-left\"><\/div><div class=\"envira-gallery-position-overlay  envira-gallery-bottom-right\"><\/div><a href=\"https:\/\/erafutbolfemenino.com\/wp-content\/uploads\/2026\/09\/IMG_6544-scaled.jpg\" class=\"envira-gallery-19905 envira-gallery-link\" rel=\"enviragallery19905\" title=\"IMG_6544\" data-envira-caption=\"IMG_6544\" data-envira-retina=\"\" data-thumbnail=\"\"  itemprop=\"contentUrl\"><img id=\"envira-gallery-image-19912\" class=\"envira-gallery-image envira-gallery-image-7 envira-normal envira-lazy\" data-envira-index=\"7\" src=\"https:\/\/erafutbolfemenino.com\/wp-content\/uploads\/2026\/09\/IMG_6544-1024x683-640x480.jpg\" data-envira-src=\"https:\/\/erafutbolfemenino.com\/wp-content\/uploads\/2026\/09\/IMG_6544-1024x683-640x480.jpg\" data-envira-gallery-id=\"19905\" data-envira-item-id=\"19912\" data-envira-caption=\"IMG_6544\" alt=\"\" title=\"IMG_6544\"  itemprop=\"thumbnailUrl\" data-envira-srcset=\"https:\/\/erafutbolfemenino.com\/wp-content\/uploads\/2026\/09\/IMG_6544-1024x683-640x480.jpg 400w,https:\/\/erafutbolfemenino.com\/wp-content\/uploads\/2026\/09\/IMG_6544-1024x683-640x480.jpg 2x\" data-envira-width=\"300\" data-envira-height=\"200\" srcset=\"data:image\/gif;base64,R0lGODlhAQABAIAAAP\/\/\/\/\/\/\/yH5BAEKAAEALAAAAAABAAEAAAICTAEAOw==\" data-safe-src=\"data:image\/gif;base64,R0lGODlhAQABAIAAAP\/\/\/\/\/\/\/yH5BAEKAAEALAAAAAABAAEAAAICTAEAOw==\" \/><\/a><\/div><\/div><div id=\"envira-gallery-item-19913\" class=\"envira-gallery-item enviratope-item envira-gallery-item-8 envira-lazy-load\" style=\"padding-left: 5px; padding-bottom: 10px; padding-right: 5px;\"  itemscope itemtype=\"https:\/\/schema.org\/ImageObject\"><div class=\"envira-gallery-item-inner\"><div class=\"envira-gallery-position-overlay  envira-gallery-top-left\"><\/div><div class=\"envira-gallery-position-overlay  envira-gallery-top-right\"><\/div><div class=\"envira-gallery-position-overlay  envira-gallery-bottom-left\"><\/div><div class=\"envira-gallery-position-overlay  envira-gallery-bottom-right\"><\/div><a href=\"https:\/\/erafutbolfemenino.com\/wp-content\/uploads\/2026\/09\/IMG_6554-scaled.jpg\" class=\"envira-gallery-19905 envira-gallery-link\" rel=\"enviragallery19905\" title=\"IMG_6554\" data-envira-caption=\"IMG_6554\" data-envira-retina=\"\" data-thumbnail=\"\"  itemprop=\"contentUrl\"><img id=\"envira-gallery-image-19913\" class=\"envira-gallery-image envira-gallery-image-8 envira-normal envira-lazy\" data-envira-index=\"8\" src=\"https:\/\/erafutbolfemenino.com\/wp-content\/uploads\/2026\/09\/IMG_6554-683x1024-640x480.jpg\" data-envira-src=\"https:\/\/erafutbolfemenino.com\/wp-content\/uploads\/2026\/09\/IMG_6554-683x1024-640x480.jpg\" data-envira-gallery-id=\"19905\" data-envira-item-id=\"19913\" data-envira-caption=\"IMG_6554\" alt=\"\" title=\"IMG_6554\"  itemprop=\"thumbnailUrl\" data-envira-srcset=\"https:\/\/erafutbolfemenino.com\/wp-content\/uploads\/2026\/09\/IMG_6554-683x1024-640x480.jpg 400w,https:\/\/erafutbolfemenino.com\/wp-content\/uploads\/2026\/09\/IMG_6554-683x1024-640x480.jpg 2x\" data-envira-width=\"200\" data-envira-height=\"300\" srcset=\"data:image\/gif;base64,R0lGODlhAQABAIAAAP\/\/\/\/\/\/\/yH5BAEKAAEALAAAAAABAAEAAAICTAEAOw==\" data-safe-src=\"data:image\/gif;base64,R0lGODlhAQABAIAAAP\/\/\/\/\/\/\/yH5BAEKAAEALAAAAAABAAEAAAICTAEAOw==\" \/><\/a><\/div><\/div><div id=\"envira-gallery-item-19914\" class=\"envira-gallery-item enviratope-item envira-gallery-item-9 envira-lazy-load\" style=\"padding-left: 5px; padding-bottom: 10px; padding-right: 5px;\"  itemscope itemtype=\"https:\/\/schema.org\/ImageObject\"><div class=\"envira-gallery-item-inner\"><div class=\"envira-gallery-position-overlay  envira-gallery-top-left\"><\/div><div class=\"envira-gallery-position-overlay  envira-gallery-top-right\"><\/div><div class=\"envira-gallery-position-overlay  envira-gallery-bottom-left\"><\/div><div class=\"envira-gallery-position-overlay  envira-gallery-bottom-right\"><\/div><a href=\"https:\/\/erafutbolfemenino.com\/wp-content\/uploads\/2026\/09\/IMG_6566-scaled.jpg\" class=\"envira-gallery-19905 envira-gallery-link\" rel=\"enviragallery19905\" title=\"IMG_6566\" data-envira-caption=\"IMG_6566\" data-envira-retina=\"\" data-thumbnail=\"\"  itemprop=\"contentUrl\"><img id=\"envira-gallery-image-19914\" class=\"envira-gallery-image envira-gallery-image-9 envira-normal envira-lazy\" data-envira-index=\"9\" src=\"https:\/\/erafutbolfemenino.com\/wp-content\/uploads\/2026\/09\/IMG_6566-1024x683-640x480.jpg\" data-envira-src=\"https:\/\/erafutbolfemenino.com\/wp-content\/uploads\/2026\/09\/IMG_6566-1024x683-640x480.jpg\" data-envira-gallery-id=\"19905\" data-envira-item-id=\"19914\" data-envira-caption=\"IMG_6566\" alt=\"\" title=\"IMG_6566\"  itemprop=\"thumbnailUrl\" data-envira-srcset=\"https:\/\/erafutbolfemenino.com\/wp-content\/uploads\/2026\/09\/IMG_6566-1024x683-640x480.jpg 400w,https:\/\/erafutbolfemenino.com\/wp-content\/uploads\/2026\/09\/IMG_6566-1024x683-640x480.jpg 2x\" data-envira-width=\"300\" data-envira-height=\"200\" srcset=\"data:image\/gif;base64,R0lGODlhAQABAIAAAP\/\/\/\/\/\/\/yH5BAEKAAEALAAAAAABAAEAAAICTAEAOw==\" data-safe-src=\"data:image\/gif;base64,R0lGODlhAQABAIAAAP\/\/\/\/\/\/\/yH5BAEKAAEALAAAAAABAAEAAAICTAEAOw==\" \/><\/a><\/div><\/div><div id=\"envira-gallery-item-19915\" class=\"envira-gallery-item enviratope-item envira-gallery-item-10 envira-lazy-load\" style=\"padding-left: 5px; padding-bottom: 10px; padding-right: 5px;\"  itemscope itemtype=\"https:\/\/schema.org\/ImageObject\"><div class=\"envira-gallery-item-inner\"><div class=\"envira-gallery-position-overlay  envira-gallery-top-left\"><\/div><div class=\"envira-gallery-position-overlay  envira-gallery-top-right\"><\/div><div class=\"envira-gallery-position-overlay  envira-gallery-bottom-left\"><\/div><div class=\"envira-gallery-position-overlay  envira-gallery-bottom-right\"><\/div><a href=\"https:\/\/erafutbolfemenino.com\/wp-content\/uploads\/2026\/09\/IMG_6593-scaled.jpg\" class=\"envira-gallery-19905 envira-gallery-link\" rel=\"enviragallery19905\" title=\"IMG_6593\" data-envira-caption=\"IMG_6593\" data-envira-retina=\"\" data-thumbnail=\"\"  itemprop=\"contentUrl\"><img id=\"envira-gallery-image-19915\" class=\"envira-gallery-image envira-gallery-image-10 envira-normal envira-lazy\" data-envira-index=\"10\" src=\"https:\/\/erafutbolfemenino.com\/wp-content\/uploads\/2026\/09\/IMG_6593-683x1024-640x480.jpg\" data-envira-src=\"https:\/\/erafutbolfemenino.com\/wp-content\/uploads\/2026\/09\/IMG_6593-683x1024-640x480.jpg\" data-envira-gallery-id=\"19905\" data-envira-item-id=\"19915\" data-envira-caption=\"IMG_6593\" alt=\"\" title=\"IMG_6593\"  itemprop=\"thumbnailUrl\" data-envira-srcset=\"https:\/\/erafutbolfemenino.com\/wp-content\/uploads\/2026\/09\/IMG_6593-683x1024-640x480.jpg 400w,https:\/\/erafutbolfemenino.com\/wp-content\/uploads\/2026\/09\/IMG_6593-683x1024-640x480.jpg 2x\" data-envira-width=\"200\" data-envira-height=\"300\" srcset=\"data:image\/gif;base64,R0lGODlhAQABAIAAAP\/\/\/\/\/\/\/yH5BAEKAAEALAAAAAABAAEAAAICTAEAOw==\" data-safe-src=\"data:image\/gif;base64,R0lGODlhAQABAIAAAP\/\/\/\/\/\/\/yH5BAEKAAEALAAAAAABAAEAAAICTAEAOw==\" \/><\/a><\/div><\/div><div id=\"envira-gallery-item-19916\" class=\"envira-gallery-item enviratope-item envira-gallery-item-11 envira-lazy-load\" style=\"padding-left: 5px; padding-bottom: 10px; padding-right: 5px;\"  itemscope itemtype=\"https:\/\/schema.org\/ImageObject\"><div class=\"envira-gallery-item-inner\"><div class=\"envira-gallery-position-overlay  envira-gallery-top-left\"><\/div><div class=\"envira-gallery-position-overlay  envira-gallery-top-right\"><\/div><div class=\"envira-gallery-position-overlay  envira-gallery-bottom-left\"><\/div><div class=\"envira-gallery-position-overlay  envira-gallery-bottom-right\"><\/div><a href=\"https:\/\/erafutbolfemenino.com\/wp-content\/uploads\/2026\/09\/IMG_6627-scaled.jpg\" class=\"envira-gallery-19905 envira-gallery-link\" rel=\"enviragallery19905\" title=\"IMG_6627\" data-envira-caption=\"IMG_6627\" data-envira-retina=\"\" data-thumbnail=\"\"  itemprop=\"contentUrl\"><img id=\"envira-gallery-image-19916\" class=\"envira-gallery-image envira-gallery-image-11 envira-normal envira-lazy\" data-envira-index=\"11\" src=\"https:\/\/erafutbolfemenino.com\/wp-content\/uploads\/2026\/09\/IMG_6627-683x1024-640x480.jpg\" data-envira-src=\"https:\/\/erafutbolfemenino.com\/wp-content\/uploads\/2026\/09\/IMG_6627-683x1024-640x480.jpg\" data-envira-gallery-id=\"19905\" data-envira-item-id=\"19916\" data-envira-caption=\"IMG_6627\" alt=\"\" title=\"IMG_6627\"  itemprop=\"thumbnailUrl\" data-envira-srcset=\"https:\/\/erafutbolfemenino.com\/wp-content\/uploads\/2026\/09\/IMG_6627-683x1024-640x480.jpg 400w,https:\/\/erafutbolfemenino.com\/wp-content\/uploads\/2026\/09\/IMG_6627-683x1024-640x480.jpg 2x\" data-envira-width=\"200\" data-envira-height=\"300\" srcset=\"data:image\/gif;base64,R0lGODlhAQABAIAAAP\/\/\/\/\/\/\/yH5BAEKAAEALAAAAAABAAEAAAICTAEAOw==\" data-safe-src=\"data:image\/gif;base64,R0lGODlhAQABAIAAAP\/\/\/\/\/\/\/yH5BAEKAAEALAAAAAABAAEAAAICTAEAOw==\" \/><\/a><\/div><\/div><div id=\"envira-gallery-item-19917\" class=\"envira-gallery-item enviratope-item envira-gallery-item-12 envira-lazy-load\" style=\"padding-left: 5px; padding-bottom: 10px; padding-right: 5px;\"  itemscope itemtype=\"https:\/\/schema.org\/ImageObject\"><div class=\"envira-gallery-item-inner\"><div class=\"envira-gallery-position-overlay  envira-gallery-top-left\"><\/div><div class=\"envira-gallery-position-overlay  envira-gallery-top-right\"><\/div><div class=\"envira-gallery-position-overlay  envira-gallery-bottom-left\"><\/div><div class=\"envira-gallery-position-overlay  envira-gallery-bottom-right\"><\/div><a href=\"https:\/\/erafutbolfemenino.com\/wp-content\/uploads\/2026\/09\/IMG_6644-scaled.jpg\" class=\"envira-gallery-19905 envira-gallery-link\" rel=\"enviragallery19905\" title=\"IMG_6644\" data-envira-caption=\"IMG_6644\" data-envira-retina=\"\" data-thumbnail=\"\"  itemprop=\"contentUrl\"><img id=\"envira-gallery-image-19917\" class=\"envira-gallery-image envira-gallery-image-12 envira-normal envira-lazy\" data-envira-index=\"12\" src=\"https:\/\/erafutbolfemenino.com\/wp-content\/uploads\/2026\/09\/IMG_6644-739x1024-640x480.jpg\" data-envira-src=\"https:\/\/erafutbolfemenino.com\/wp-content\/uploads\/2026\/09\/IMG_6644-739x1024-640x480.jpg\" data-envira-gallery-id=\"19905\" data-envira-item-id=\"19917\" data-envira-caption=\"IMG_6644\" alt=\"\" title=\"IMG_6644\"  itemprop=\"thumbnailUrl\" data-envira-srcset=\"https:\/\/erafutbolfemenino.com\/wp-content\/uploads\/2026\/09\/IMG_6644-739x1024-640x480.jpg 400w,https:\/\/erafutbolfemenino.com\/wp-content\/uploads\/2026\/09\/IMG_6644-739x1024-640x480.jpg 2x\" data-envira-width=\"217\" data-envira-height=\"300\" srcset=\"data:image\/gif;base64,R0lGODlhAQABAIAAAP\/\/\/\/\/\/\/yH5BAEKAAEALAAAAAABAAEAAAICTAEAOw==\" data-safe-src=\"data:image\/gif;base64,R0lGODlhAQABAIAAAP\/\/\/\/\/\/\/yH5BAEKAAEALAAAAAABAAEAAAICTAEAOw==\" \/><\/a><\/div><\/div><div id=\"envira-gallery-item-19918\" class=\"envira-gallery-item enviratope-item envira-gallery-item-13 envira-lazy-load\" style=\"padding-left: 5px; padding-bottom: 10px; padding-right: 5px;\"  itemscope itemtype=\"https:\/\/schema.org\/ImageObject\"><div class=\"envira-gallery-item-inner\"><div class=\"envira-gallery-position-overlay  envira-gallery-top-left\"><\/div><div class=\"envira-gallery-position-overlay  envira-gallery-top-right\"><\/div><div class=\"envira-gallery-position-overlay  envira-gallery-bottom-left\"><\/div><div class=\"envira-gallery-position-overlay  envira-gallery-bottom-right\"><\/div><a href=\"https:\/\/erafutbolfemenino.com\/wp-content\/uploads\/2026\/09\/IMG_6662-scaled.jpg\" class=\"envira-gallery-19905 envira-gallery-link\" rel=\"enviragallery19905\" title=\"IMG_6662\" data-envira-caption=\"IMG_6662\" data-envira-retina=\"\" data-thumbnail=\"\"  itemprop=\"contentUrl\"><img id=\"envira-gallery-image-19918\" class=\"envira-gallery-image envira-gallery-image-13 envira-normal envira-lazy\" data-envira-index=\"13\" src=\"https:\/\/erafutbolfemenino.com\/wp-content\/uploads\/2026\/09\/IMG_6662-754x1024-640x480.jpg\" data-envira-src=\"https:\/\/erafutbolfemenino.com\/wp-content\/uploads\/2026\/09\/IMG_6662-754x1024-640x480.jpg\" data-envira-gallery-id=\"19905\" data-envira-item-id=\"19918\" data-envira-caption=\"IMG_6662\" alt=\"\" title=\"IMG_6662\"  itemprop=\"thumbnailUrl\" data-envira-srcset=\"https:\/\/erafutbolfemenino.com\/wp-content\/uploads\/2026\/09\/IMG_6662-754x1024-640x480.jpg 400w,https:\/\/erafutbolfemenino.com\/wp-content\/uploads\/2026\/09\/IMG_6662-754x1024-640x480.jpg 2x\" data-envira-width=\"221\" data-envira-height=\"300\" srcset=\"data:image\/gif;base64,R0lGODlhAQABAIAAAP\/\/\/\/\/\/\/yH5BAEKAAEALAAAAAABAAEAAAICTAEAOw==\" data-safe-src=\"data:image\/gif;base64,R0lGODlhAQABAIAAAP\/\/\/\/\/\/\/yH5BAEKAAEALAAAAAABAAEAAAICTAEAOw==\" \/><\/a><\/div><\/div><\/div><\/div><noscript><img src=\"https:\/\/erafutbolfemenino.com\/wp-content\/uploads\/2026\/09\/IMG_6298-scaled.jpg\" alt=\"\" \/><img src=\"https:\/\/erafutbolfemenino.com\/wp-content\/uploads\/2026\/09\/IMG_6431-scaled.jpg\" alt=\"\" \/><img src=\"https:\/\/erafutbolfemenino.com\/wp-content\/uploads\/2026\/09\/IMG_6454-scaled.jpg\" alt=\"\" \/><img src=\"https:\/\/erafutbolfemenino.com\/wp-content\/uploads\/2026\/09\/IMG_6470-scaled.jpg\" alt=\"\" \/><img src=\"https:\/\/erafutbolfemenino.com\/wp-content\/uploads\/2026\/09\/IMG_6489-scaled.jpg\" alt=\"\" \/><img src=\"https:\/\/erafutbolfemenino.com\/wp-content\/uploads\/2026\/09\/IMG_6535-scaled.jpg\" alt=\"\" \/><img src=\"https:\/\/erafutbolfemenino.com\/wp-content\/uploads\/2026\/09\/IMG_6544-scaled.jpg\" alt=\"\" \/><img src=\"https:\/\/erafutbolfemenino.com\/wp-content\/uploads\/2026\/09\/IMG_6554-scaled.jpg\" alt=\"\" \/><img src=\"https:\/\/erafutbolfemenino.com\/wp-content\/uploads\/2026\/09\/IMG_6566-scaled.jpg\" alt=\"\" \/><img src=\"https:\/\/erafutbolfemenino.com\/wp-content\/uploads\/2026\/09\/IMG_6593-scaled.jpg\" alt=\"\" \/><img src=\"https:\/\/erafutbolfemenino.com\/wp-content\/uploads\/2026\/09\/IMG_6627-scaled.jpg\" alt=\"\" \/><img src=\"https:\/\/erafutbolfemenino.com\/wp-content\/uploads\/2026\/09\/IMG_6644-scaled.jpg\" alt=\"\" \/><img src=\"https:\/\/erafutbolfemenino.com\/wp-content\/uploads\/2026\/09\/IMG_6662-scaled.jpg\" alt=\"\" \/><\/noscript>\n","protected":false},"excerpt":{"rendered":"","protected":false},"author":59,"featured_media":19910,"comment_status":"open","ping_status":"open","sticky":false,"template":"","format":"standard","meta":[],"categories":[10,6],"tags":[42,356,39],"yoast_head":"<!-- This site is optimized with the Yoast SEO plugin v18.6 - https:\/\/yoast.com\/wordpress\/plugins\/seo\/ -->\n<title>Fotogaler\u00eda Real Sociedad-Chelsea vuelta previa UWCL - Era F\u00fatbol Femenino<\/title>\n<meta name=\"description\" content=\"Las mejores im\u00e1genes del triunfo del Chelsea por 0-1 ante la Real Sociedad con gol de Keira Walsh en el partido de vuelta de previa de UWCL\" \/>\n<meta name=\"robots\" content=\"index, follow, max-snippet:-1, max-image-preview:large, max-video-preview:-1\" \/>\n<link rel=\"canonical\" href=\"https:\/\/erafutbolfemenino.com\/?p=19920\" \/>\n<meta property=\"og:locale\" content=\"es_ES\" \/>\n<meta property=\"og:type\" content=\"article\" \/>\n<meta property=\"og:title\" content=\"Fotogaler\u00eda Real Sociedad-Chelsea vuelta previa UWCL - Era F\u00fatbol Femenino\" \/>\n<meta property=\"og:description\" content=\"Las mejores im\u00e1genes del triunfo del Chelsea por 0-1 ante la Real Sociedad con gol de Keira Walsh en el partido de vuelta de previa de UWCL\" \/>\n<meta property=\"og:url\" content=\"https:\/\/erafutbolfemenino.com\/?p=19920\" \/>\n<meta property=\"og:site_name\" content=\"Era F\u00fatbol Femenino\" \/>\n<meta property=\"article:published_time\" content=\"2026-09-03T12:28:27+00:00\" \/>\n<meta property=\"article:modified_time\" content=\"2026-09-03T12:28:29+00:00\" \/>\n<meta property=\"og:image\" content=\"https:\/\/erafutbolfemenino.com\/wp-content\/uploads\/2026\/09\/IMG_6489-scaled.jpg\" \/>\n\t<meta property=\"og:image:width\" content=\"1785\" \/>\n\t<meta property=\"og:image:height\" content=\"2560\" \/>\n\t<meta property=\"og:image:type\" content=\"image\/jpeg\" \/>\n<meta name=\"twitter:card\" content=\"summary_large_image\" \/>\n<meta name=\"twitter:label1\" content=\"Escrito por\" \/>\n\t<meta name=\"twitter:data1\" content=\"M\u00e9lody Lemarchand\" \/>\n\t<meta name=\"twitter:label2\" content=\"Tiempo de lectura\" \/>\n\t<meta name=\"twitter:data2\" content=\"1 minuto\" \/>\n<script type=\"application\/ld+json\" class=\"yoast-schema-graph\">{\"@context\":\"https:\/\/schema.org\",\"@graph\":[{\"@type\":\"WebSite\",\"@id\":\"https:\/\/erafutbolfemenino.com\/#website\",\"url\":\"https:\/\/erafutbolfemenino.com\/\",\"name\":\"Era F\u00fatbol Femenino\",\"description\":\"Bienvenidos a una nueva era del futfem\",\"potentialAction\":[{\"@type\":\"SearchAction\",\"target\":{\"@type\":\"EntryPoint\",\"urlTemplate\":\"https:\/\/erafutbolfemenino.com\/?s={search_term_string}\"},\"query-input\":\"required name=search_term_string\"}],\"inLanguage\":\"es\"},{\"@type\":\"ImageObject\",\"@id\":\"https:\/\/erafutbolfemenino.com\/?p=19920#primaryimage\",\"inLanguage\":\"es\",\"url\":\"https:\/\/erafutbolfemenino.com\/wp-content\/uploads\/2026\/09\/IMG_6489-scaled.jpg\",\"contentUrl\":\"https:\/\/erafutbolfemenino.com\/wp-content\/uploads\/2026\/09\/IMG_6489-scaled.jpg\",\"width\":1785,\"height\":2560},{\"@type\":\"WebPage\",\"@id\":\"https:\/\/erafutbolfemenino.com\/?p=19920#webpage\",\"url\":\"https:\/\/erafutbolfemenino.com\/?p=19920\",\"name\":\"Fotogaler\u00eda Real Sociedad-Chelsea vuelta previa UWCL - Era F\u00fatbol Femenino\",\"isPartOf\":{\"@id\":\"https:\/\/erafutbolfemenino.com\/#website\"},\"primaryImageOfPage\":{\"@id\":\"https:\/\/erafutbolfemenino.com\/?p=19920#primaryimage\"},\"datePublished\":\"2026-09-03T12:28:27+00:00\",\"dateModified\":\"2026-09-03T12:28:29+00:00\",\"author\":{\"@id\":\"https:\/\/erafutbolfemenino.com\/#\/schema\/person\/eb4e59a0e6932436bec0346433821891\"},\"description\":\"Las mejores im\u00e1genes del triunfo del Chelsea por 0-1 ante la Real Sociedad con gol de Keira Walsh en el partido de vuelta de previa de UWCL\",\"breadcrumb\":{\"@id\":\"https:\/\/erafutbolfemenino.com\/?p=19920#breadcrumb\"},\"inLanguage\":\"es\",\"potentialAction\":[{\"@type\":\"ReadAction\",\"target\":[\"https:\/\/erafutbolfemenino.com\/?p=19920\"]}]},{\"@type\":\"BreadcrumbList\",\"@id\":\"https:\/\/erafutbolfemenino.com\/?p=19920#breadcrumb\",\"itemListElement\":[{\"@type\":\"ListItem\",\"position\":1,\"name\":\"Portada\",\"item\":\"https:\/\/erafutbolfemenino.com\/\"},{\"@type\":\"ListItem\",\"position\":2,\"name\":\"Fotogaler\u00eda Real Sociedad-Chelsea vuelta previa UWCL\"}]},{\"@type\":\"Person\",\"@id\":\"https:\/\/erafutbolfemenino.com\/#\/schema\/person\/eb4e59a0e6932436bec0346433821891\",\"name\":\"M\u00e9lody Lemarchand\",\"image\":{\"@type\":\"ImageObject\",\"@id\":\"https:\/\/erafutbolfemenino.com\/#personlogo\",\"inLanguage\":\"es\",\"url\":\"https:\/\/secure.gravatar.com\/avatar\/30c254378988f559d0024074435722b8?s=96&d=mm&r=g\",\"contentUrl\":\"https:\/\/secure.gravatar.com\/avatar\/30c254378988f559d0024074435722b8?s=96&d=mm&r=g\",\"caption\":\"M\u00e9lody Lemarchand\"},\"sameAs\":[\"http:\/\/erafutbolfemenino.com\"],\"url\":\"https:\/\/erafutbolfemenino.com\/?author=59\"}]}<\/script>\n<!-- \/ Yoast SEO plugin. -->","yoast_head_json":{"title":"Fotogaler\u00eda Real Sociedad-Chelsea vuelta previa UWCL - Era F\u00fatbol Femenino","description":"Las mejores im\u00e1genes del triunfo del Chelsea por 0-1 ante la Real Sociedad con gol de Keira Walsh en el partido de vuelta de previa de UWCL","robots":{"index":"index","follow":"follow","max-snippet":"max-snippet:-1","max-image-preview":"max-image-preview:large","max-video-preview":"max-video-preview:-1"},"canonical":"https:\/\/erafutbolfemenino.com\/?p=19920","og_locale":"es_ES","og_type":"article","og_title":"Fotogaler\u00eda Real Sociedad-Chelsea vuelta previa UWCL - Era F\u00fatbol Femenino","og_description":"Las mejores im\u00e1genes del triunfo del Chelsea por 0-1 ante la Real Sociedad con gol de Keira Walsh en el partido de vuelta de previa de UWCL","og_url":"https:\/\/erafutbolfemenino.com\/?p=19920","og_site_name":"Era F\u00fatbol Femenino","article_published_time":"2026-09-03T12:28:27+00:00","article_modified_time":"2026-09-03T12:28:29+00:00","og_image":[{"width":1785,"height":2560,"url":"https:\/\/erafutbolfemenino.com\/wp-content\/uploads\/2026\/09\/IMG_6489-scaled.jpg","type":"image\/jpeg"}],"twitter_card":"summary_large_image","twitter_misc":{"Escrito por":"M\u00e9lody Lemarchand","Tiempo de lectura":"1 minuto"},"schema":{"@context":"https:\/\/schema.org","@graph":[{"@type":"WebSite","@id":"https:\/\/erafutbolfemenino.com\/#website","url":"https:\/\/erafutbolfemenino.com\/","name":"Era F\u00fatbol Femenino","description":"Bienvenidos a una nueva era del futfem","potentialAction":[{"@type":"SearchAction","target":{"@type":"EntryPoint","urlTemplate":"https:\/\/erafutbolfemenino.com\/?s={search_term_string}"},"query-input":"required name=search_term_string"}],"inLanguage":"es"},{"@type":"ImageObject","@id":"https:\/\/erafutbolfemenino.com\/?p=19920#primaryimage","inLanguage":"es","url":"https:\/\/erafutbolfemenino.com\/wp-content\/uploads\/2026\/09\/IMG_6489-scaled.jpg","contentUrl":"https:\/\/erafutbolfemenino.com\/wp-content\/uploads\/2026\/09\/IMG_6489-scaled.jpg","width":1785,"height":2560},{"@type":"WebPage","@id":"https:\/\/erafutbolfemenino.com\/?p=19920#webpage","url":"https:\/\/erafutbolfemenino.com\/?p=19920","name":"Fotogaler\u00eda Real Sociedad-Chelsea vuelta previa UWCL - Era F\u00fatbol Femenino","isPartOf":{"@id":"https:\/\/erafutbolfemenino.com\/#website"},"primaryImageOfPage":{"@id":"https:\/\/erafutbolfemenino.com\/?p=19920#primaryimage"},"datePublished":"2026-09-03T12:28:27+00:00","dateModified":"2026-09-03T12:28:29+00:00","author":{"@id":"https:\/\/erafutbolfemenino.com\/#\/schema\/person\/eb4e59a0e6932436bec0346433821891"},"description":"Las mejores im\u00e1genes del triunfo del Chelsea por 0-1 ante la Real Sociedad con gol de Keira Walsh en el partido de vuelta de previa de UWCL","breadcrumb":{"@id":"https:\/\/erafutbolfemenino.com\/?p=19920#breadcrumb"},"inLanguage":"es","potentialAction":[{"@type":"ReadAction","target":["https:\/\/erafutbolfemenino.com\/?p=19920"]}]},{"@type":"BreadcrumbList","@id":"https:\/\/erafutbolfemenino.com\/?p=19920#breadcrumb","itemListElement":[{"@type":"ListItem","position":1,"name":"Portada","item":"https:\/\/erafutbolfemenino.com\/"},{"@type":"ListItem","position":2,"name":"Fotogaler\u00eda Real Sociedad-Chelsea vuelta previa UWCL"}]},{"@type":"Person","@id":"https:\/\/erafutbolfemenino.com\/#\/schema\/person\/eb4e59a0e6932436bec0346433821891","name":"M\u00e9lody Lemarchand","image":{"@type":"ImageObject","@id":"https:\/\/erafutbolfemenino.com\/#personlogo","inLanguage":"es","url":"https:\/\/secure.gravatar.com\/avatar\/30c254378988f559d0024074435722b8?s=96&d=mm&r=g","contentUrl":"https:\/\/secure.gravatar.com\/avatar\/30c254378988f559d0024074435722b8?s=96&d=mm&r=g","caption":"M\u00e9lody Lemarchand"},"sameAs":["http:\/\/erafutbolfemenino.com"],"url":"https:\/\/erafutbolfemenino.com\/?author=59"}]}},"_links":{"self":[{"href":"https:\/\/erafutbolfemenino.com\/index.php?rest_route=\/wp\/v2\/posts\/19920"}],"collection":[{"href":"https:\/\/erafutbolfemenino.com\/index.php?rest_route=\/wp\/v2\/posts"}],"about":[{"href":"https:\/\/erafutbolfemenino.com\/index.php?rest_route=\/wp\/v2\/types\/post"}],"author":[{"embeddable":true,"href":"https:\/\/erafutbolfemenino.com\/index.php?rest_route=\/wp\/v2\/users\/59"}],"replies":[{"embeddable":true,"href":"https:\/\/erafutbolfemenino.com\/index.php?rest_route=%2Fwp%2Fv2%2Fcomments&post=19920"}],"version-history":[{"count":1,"href":"https:\/\/erafutbolfemenino.com\/index.php?rest_route=\/wp\/v2\/posts\/19920\/revisions"}],"predecessor-version":[{"id":19921,"href":"https:\/\/erafutbolfemenino.com\/index.php?rest_route=\/wp\/v2\/posts\/19920\/revisions\/19921"}],"wp:featuredmedia":[{"embeddable":true,"href":"https:\/\/erafutbolfemenino.com\/index.php?rest_route=\/wp\/v2\/media\/19910"}],"wp:attachment":[{"href":"https:\/\/erafutbolfemenino.com\/index.php?rest_route=%2Fwp%2Fv2%2Fmedia&parent=19920"}],"wp:term":[{"taxonomy":"category","embeddable":true,"href":"https:\/\/erafutbolfemenino.com\/index.php?rest_route=%2Fwp%2Fv2%2Fcategories&post=19920"},{"taxonomy":"post_tag","embeddable":true,"href":"https:\/\/erafutbolfemenino.com\/index.php?rest_route=%2Fwp%2Fv2%2Ftags&post=19920"}],"curies":[{"name":"wp","href":"https:\/\/api.w.org\/{rel}","templated":true}]}}