{"id":19843,"date":"2026-08-30T14:02:40","date_gmt":"2026-08-30T14:02:40","guid":{"rendered":"https:\/\/erafutbolfemenino.com\/?p=19843"},"modified":"2026-08-30T17:10:05","modified_gmt":"2026-08-30T17:10:05","slug":"liga-f-madrid-cff-vs-granada","status":"publish","type":"post","link":"https:\/\/erafutbolfemenino.com\/?p=19843","title":{"rendered":"Fotogaler\u00eda Madrid CFF vs Granada"},"content":{"rendered":"\n<div id=\"envira-gallery-wrap-19852\" class=\"envira-gallery-wrap envira-gallery-theme-base envira-lightbox-theme-base\" itemscope itemtype=\"https:\/\/schema.org\/ImageGallery\"><div data-row-height=\"150\" data-gallery-theme=\"normal\" id=\"envira-gallery-19852\" class=\"envira-gallery-public envira-gallery-justified-public envira-gallery-0-columns envira-clear enviratope envira-gallery-css-animations\" data-envira-columns=\"0\"><div id=\"envira-gallery-item-19856\" class=\"envira-gallery-item enviratope-item envira-gallery-item-1 envira-lazy-load\" style=\"padding-left: 5px; padding-bottom: 10px; padding-right: 5px;\"  itemscope itemtype=\"https:\/\/schema.org\/ImageObject\"><div class=\"envira-gallery-item-inner\"><div class=\"envira-gallery-position-overlay  envira-gallery-top-left\"><\/div><div class=\"envira-gallery-position-overlay  envira-gallery-top-right\"><\/div><div class=\"envira-gallery-position-overlay  envira-gallery-bottom-left\"><\/div><div class=\"envira-gallery-position-overlay  envira-gallery-bottom-right\"><\/div><a href=\"https:\/\/erafutbolfemenino.com\/wp-content\/uploads\/2026\/08\/WhatsApp-Image-2026-08-30-at-18.32.41.jpeg\" class=\"envira-gallery-19852 envira-gallery-link\" rel=\"enviragallery19852\" title=\"WhatsApp Image 2026-08-30 at 18.32.41\" data-envira-caption=\"WhatsApp Image 2026-08-30 at 18.32.41\" data-envira-retina=\"\" data-thumbnail=\"\"  itemprop=\"contentUrl\"><img id=\"envira-gallery-image-19856\" class=\"envira-gallery-image envira-gallery-image-1 envira-normal envira-lazy\" data-envira-index=\"1\" src=\"https:\/\/erafutbolfemenino.com\/wp-content\/uploads\/2026\/08\/WhatsApp-Image-2026-08-30-at-18.32.41-1024x683-640x480.jpeg\" data-envira-src=\"https:\/\/erafutbolfemenino.com\/wp-content\/uploads\/2026\/08\/WhatsApp-Image-2026-08-30-at-18.32.41-1024x683-640x480.jpeg\" data-envira-gallery-id=\"19852\" data-envira-item-id=\"19856\" data-envira-caption=\"WhatsApp Image 2026-08-30 at 18.32.41\" alt=\"\" title=\"WhatsApp Image 2026-08-30 at 18.32.41\"  itemprop=\"thumbnailUrl\" data-envira-srcset=\"https:\/\/erafutbolfemenino.com\/wp-content\/uploads\/2026\/08\/WhatsApp-Image-2026-08-30-at-18.32.41-1024x683-640x480.jpeg 400w,https:\/\/erafutbolfemenino.com\/wp-content\/uploads\/2026\/08\/WhatsApp-Image-2026-08-30-at-18.32.41-1024x683-640x480.jpeg 2x\" data-envira-width=\"300\" data-envira-height=\"200\" srcset=\"data:image\/gif;base64,R0lGODlhAQABAIAAAP\/\/\/\/\/\/\/yH5BAEKAAEALAAAAAABAAEAAAICTAEAOw==\" data-safe-src=\"data:image\/gif;base64,R0lGODlhAQABAIAAAP\/\/\/\/\/\/\/yH5BAEKAAEALAAAAAABAAEAAAICTAEAOw==\" \/><\/a><\/div><\/div><div id=\"envira-gallery-item-19857\" class=\"envira-gallery-item enviratope-item envira-gallery-item-2 envira-lazy-load\" style=\"padding-left: 5px; padding-bottom: 10px; padding-right: 5px;\"  itemscope itemtype=\"https:\/\/schema.org\/ImageObject\"><div class=\"envira-gallery-item-inner\"><div class=\"envira-gallery-position-overlay  envira-gallery-top-left\"><\/div><div class=\"envira-gallery-position-overlay  envira-gallery-top-right\"><\/div><div class=\"envira-gallery-position-overlay  envira-gallery-bottom-left\"><\/div><div class=\"envira-gallery-position-overlay  envira-gallery-bottom-right\"><\/div><a href=\"https:\/\/erafutbolfemenino.com\/wp-content\/uploads\/2026\/08\/WhatsApp-Image-2026-08-30-at-18.32.42-1.jpeg\" class=\"envira-gallery-19852 envira-gallery-link\" rel=\"enviragallery19852\" title=\"WhatsApp Image 2026-08-30 at 18.32.42 (1)\" data-envira-caption=\"WhatsApp Image 2026-08-30 at 18.32.42 (1)\" data-envira-retina=\"\" data-thumbnail=\"\"  itemprop=\"contentUrl\"><img id=\"envira-gallery-image-19857\" class=\"envira-gallery-image envira-gallery-image-2 envira-normal envira-lazy\" data-envira-index=\"2\" src=\"https:\/\/erafutbolfemenino.com\/wp-content\/uploads\/2026\/08\/WhatsApp-Image-2026-08-30-at-18.32.42-1-1024x683-640x480.jpeg\" data-envira-src=\"https:\/\/erafutbolfemenino.com\/wp-content\/uploads\/2026\/08\/WhatsApp-Image-2026-08-30-at-18.32.42-1-1024x683-640x480.jpeg\" data-envira-gallery-id=\"19852\" data-envira-item-id=\"19857\" data-envira-caption=\"WhatsApp Image 2026-08-30 at 18.32.42 (1)\" alt=\"\" title=\"WhatsApp Image 2026-08-30 at 18.32.42 (1)\"  itemprop=\"thumbnailUrl\" data-envira-srcset=\"https:\/\/erafutbolfemenino.com\/wp-content\/uploads\/2026\/08\/WhatsApp-Image-2026-08-30-at-18.32.42-1-1024x683-640x480.jpeg 400w,https:\/\/erafutbolfemenino.com\/wp-content\/uploads\/2026\/08\/WhatsApp-Image-2026-08-30-at-18.32.42-1-1024x683-640x480.jpeg 2x\" data-envira-width=\"300\" data-envira-height=\"200\" srcset=\"data:image\/gif;base64,R0lGODlhAQABAIAAAP\/\/\/\/\/\/\/yH5BAEKAAEALAAAAAABAAEAAAICTAEAOw==\" data-safe-src=\"data:image\/gif;base64,R0lGODlhAQABAIAAAP\/\/\/\/\/\/\/yH5BAEKAAEALAAAAAABAAEAAAICTAEAOw==\" \/><\/a><\/div><\/div><div id=\"envira-gallery-item-19858\" class=\"envira-gallery-item enviratope-item envira-gallery-item-3 envira-lazy-load\" style=\"padding-left: 5px; padding-bottom: 10px; padding-right: 5px;\"  itemscope itemtype=\"https:\/\/schema.org\/ImageObject\"><div class=\"envira-gallery-item-inner\"><div class=\"envira-gallery-position-overlay  envira-gallery-top-left\"><\/div><div class=\"envira-gallery-position-overlay  envira-gallery-top-right\"><\/div><div class=\"envira-gallery-position-overlay  envira-gallery-bottom-left\"><\/div><div class=\"envira-gallery-position-overlay  envira-gallery-bottom-right\"><\/div><a href=\"https:\/\/erafutbolfemenino.com\/wp-content\/uploads\/2026\/08\/WhatsApp-Image-2026-08-30-at-18.32.42-2.jpeg\" class=\"envira-gallery-19852 envira-gallery-link\" rel=\"enviragallery19852\" title=\"WhatsApp Image 2026-08-30 at 18.32.42 (2)\" data-envira-caption=\"WhatsApp Image 2026-08-30 at 18.32.42 (2)\" data-envira-retina=\"\" data-thumbnail=\"\"  itemprop=\"contentUrl\"><img id=\"envira-gallery-image-19858\" class=\"envira-gallery-image envira-gallery-image-3 envira-normal envira-lazy\" data-envira-index=\"3\" src=\"https:\/\/erafutbolfemenino.com\/wp-content\/uploads\/2026\/08\/WhatsApp-Image-2026-08-30-at-18.32.42-2-1024x683-640x480.jpeg\" data-envira-src=\"https:\/\/erafutbolfemenino.com\/wp-content\/uploads\/2026\/08\/WhatsApp-Image-2026-08-30-at-18.32.42-2-1024x683-640x480.jpeg\" data-envira-gallery-id=\"19852\" data-envira-item-id=\"19858\" data-envira-caption=\"WhatsApp Image 2026-08-30 at 18.32.42 (2)\" alt=\"\" title=\"WhatsApp Image 2026-08-30 at 18.32.42 (2)\"  itemprop=\"thumbnailUrl\" data-envira-srcset=\"https:\/\/erafutbolfemenino.com\/wp-content\/uploads\/2026\/08\/WhatsApp-Image-2026-08-30-at-18.32.42-2-1024x683-640x480.jpeg 400w,https:\/\/erafutbolfemenino.com\/wp-content\/uploads\/2026\/08\/WhatsApp-Image-2026-08-30-at-18.32.42-2-1024x683-640x480.jpeg 2x\" data-envira-width=\"300\" data-envira-height=\"200\" srcset=\"data:image\/gif;base64,R0lGODlhAQABAIAAAP\/\/\/\/\/\/\/yH5BAEKAAEALAAAAAABAAEAAAICTAEAOw==\" data-safe-src=\"data:image\/gif;base64,R0lGODlhAQABAIAAAP\/\/\/\/\/\/\/yH5BAEKAAEALAAAAAABAAEAAAICTAEAOw==\" \/><\/a><\/div><\/div><div id=\"envira-gallery-item-19859\" class=\"envira-gallery-item enviratope-item envira-gallery-item-4 envira-lazy-load\" style=\"padding-left: 5px; padding-bottom: 10px; padding-right: 5px;\"  itemscope itemtype=\"https:\/\/schema.org\/ImageObject\"><div class=\"envira-gallery-item-inner\"><div class=\"envira-gallery-position-overlay  envira-gallery-top-left\"><\/div><div class=\"envira-gallery-position-overlay  envira-gallery-top-right\"><\/div><div class=\"envira-gallery-position-overlay  envira-gallery-bottom-left\"><\/div><div class=\"envira-gallery-position-overlay  envira-gallery-bottom-right\"><\/div><a href=\"https:\/\/erafutbolfemenino.com\/wp-content\/uploads\/2026\/08\/WhatsApp-Image-2026-08-30-at-18.32.42-3.jpeg\" class=\"envira-gallery-19852 envira-gallery-link\" rel=\"enviragallery19852\" title=\"WhatsApp Image 2026-08-30 at 18.32.42 (3)\" data-envira-caption=\"WhatsApp Image 2026-08-30 at 18.32.42 (3)\" data-envira-retina=\"\" data-thumbnail=\"\"  itemprop=\"contentUrl\"><img id=\"envira-gallery-image-19859\" class=\"envira-gallery-image envira-gallery-image-4 envira-normal envira-lazy\" data-envira-index=\"4\" src=\"https:\/\/erafutbolfemenino.com\/wp-content\/uploads\/2026\/08\/WhatsApp-Image-2026-08-30-at-18.32.42-3-682x1024-640x480.jpeg\" data-envira-src=\"https:\/\/erafutbolfemenino.com\/wp-content\/uploads\/2026\/08\/WhatsApp-Image-2026-08-30-at-18.32.42-3-682x1024-640x480.jpeg\" data-envira-gallery-id=\"19852\" data-envira-item-id=\"19859\" data-envira-caption=\"WhatsApp Image 2026-08-30 at 18.32.42 (3)\" alt=\"\" title=\"WhatsApp Image 2026-08-30 at 18.32.42 (3)\"  itemprop=\"thumbnailUrl\" data-envira-srcset=\"https:\/\/erafutbolfemenino.com\/wp-content\/uploads\/2026\/08\/WhatsApp-Image-2026-08-30-at-18.32.42-3-682x1024-640x480.jpeg 400w,https:\/\/erafutbolfemenino.com\/wp-content\/uploads\/2026\/08\/WhatsApp-Image-2026-08-30-at-18.32.42-3-682x1024-640x480.jpeg 2x\" data-envira-width=\"200\" data-envira-height=\"300\" srcset=\"data:image\/gif;base64,R0lGODlhAQABAIAAAP\/\/\/\/\/\/\/yH5BAEKAAEALAAAAAABAAEAAAICTAEAOw==\" data-safe-src=\"data:image\/gif;base64,R0lGODlhAQABAIAAAP\/\/\/\/\/\/\/yH5BAEKAAEALAAAAAABAAEAAAICTAEAOw==\" \/><\/a><\/div><\/div><div id=\"envira-gallery-item-19860\" class=\"envira-gallery-item enviratope-item envira-gallery-item-5 envira-lazy-load\" style=\"padding-left: 5px; padding-bottom: 10px; padding-right: 5px;\"  itemscope itemtype=\"https:\/\/schema.org\/ImageObject\"><div class=\"envira-gallery-item-inner\"><div class=\"envira-gallery-position-overlay  envira-gallery-top-left\"><\/div><div class=\"envira-gallery-position-overlay  envira-gallery-top-right\"><\/div><div class=\"envira-gallery-position-overlay  envira-gallery-bottom-left\"><\/div><div class=\"envira-gallery-position-overlay  envira-gallery-bottom-right\"><\/div><a href=\"https:\/\/erafutbolfemenino.com\/wp-content\/uploads\/2026\/08\/WhatsApp-Image-2026-08-30-at-18.32.42.jpeg\" class=\"envira-gallery-19852 envira-gallery-link\" rel=\"enviragallery19852\" title=\"WhatsApp Image 2026-08-30 at 18.32.42\" data-envira-caption=\"WhatsApp Image 2026-08-30 at 18.32.42\" data-envira-retina=\"\" data-thumbnail=\"\"  itemprop=\"contentUrl\"><img id=\"envira-gallery-image-19860\" class=\"envira-gallery-image envira-gallery-image-5 envira-normal envira-lazy\" data-envira-index=\"5\" src=\"https:\/\/erafutbolfemenino.com\/wp-content\/uploads\/2026\/08\/WhatsApp-Image-2026-08-30-at-18.32.42-682x1024-640x480.jpeg\" data-envira-src=\"https:\/\/erafutbolfemenino.com\/wp-content\/uploads\/2026\/08\/WhatsApp-Image-2026-08-30-at-18.32.42-682x1024-640x480.jpeg\" data-envira-gallery-id=\"19852\" data-envira-item-id=\"19860\" data-envira-caption=\"WhatsApp Image 2026-08-30 at 18.32.42\" alt=\"\" title=\"WhatsApp Image 2026-08-30 at 18.32.42\"  itemprop=\"thumbnailUrl\" data-envira-srcset=\"https:\/\/erafutbolfemenino.com\/wp-content\/uploads\/2026\/08\/WhatsApp-Image-2026-08-30-at-18.32.42-682x1024-640x480.jpeg 400w,https:\/\/erafutbolfemenino.com\/wp-content\/uploads\/2026\/08\/WhatsApp-Image-2026-08-30-at-18.32.42-682x1024-640x480.jpeg 2x\" data-envira-width=\"200\" data-envira-height=\"300\" srcset=\"data:image\/gif;base64,R0lGODlhAQABAIAAAP\/\/\/\/\/\/\/yH5BAEKAAEALAAAAAABAAEAAAICTAEAOw==\" data-safe-src=\"data:image\/gif;base64,R0lGODlhAQABAIAAAP\/\/\/\/\/\/\/yH5BAEKAAEALAAAAAABAAEAAAICTAEAOw==\" \/><\/a><\/div><\/div><div id=\"envira-gallery-item-19861\" class=\"envira-gallery-item enviratope-item envira-gallery-item-6 envira-lazy-load\" style=\"padding-left: 5px; padding-bottom: 10px; padding-right: 5px;\"  itemscope itemtype=\"https:\/\/schema.org\/ImageObject\"><div class=\"envira-gallery-item-inner\"><div class=\"envira-gallery-position-overlay  envira-gallery-top-left\"><\/div><div class=\"envira-gallery-position-overlay  envira-gallery-top-right\"><\/div><div class=\"envira-gallery-position-overlay  envira-gallery-bottom-left\"><\/div><div class=\"envira-gallery-position-overlay  envira-gallery-bottom-right\"><\/div><a href=\"https:\/\/erafutbolfemenino.com\/wp-content\/uploads\/2026\/08\/WhatsApp-Image-2026-08-30-at-18.32.43-1.jpeg\" class=\"envira-gallery-19852 envira-gallery-link\" rel=\"enviragallery19852\" title=\"WhatsApp Image 2026-08-30 at 18.32.43 (1)\" data-envira-caption=\"WhatsApp Image 2026-08-30 at 18.32.43 (1)\" data-envira-retina=\"\" data-thumbnail=\"\"  itemprop=\"contentUrl\"><img id=\"envira-gallery-image-19861\" class=\"envira-gallery-image envira-gallery-image-6 envira-normal envira-lazy\" data-envira-index=\"6\" src=\"https:\/\/erafutbolfemenino.com\/wp-content\/uploads\/2026\/08\/WhatsApp-Image-2026-08-30-at-18.32.43-1-1024x683-640x480.jpeg\" data-envira-src=\"https:\/\/erafutbolfemenino.com\/wp-content\/uploads\/2026\/08\/WhatsApp-Image-2026-08-30-at-18.32.43-1-1024x683-640x480.jpeg\" data-envira-gallery-id=\"19852\" data-envira-item-id=\"19861\" data-envira-caption=\"WhatsApp Image 2026-08-30 at 18.32.43 (1)\" alt=\"\" title=\"WhatsApp Image 2026-08-30 at 18.32.43 (1)\"  itemprop=\"thumbnailUrl\" data-envira-srcset=\"https:\/\/erafutbolfemenino.com\/wp-content\/uploads\/2026\/08\/WhatsApp-Image-2026-08-30-at-18.32.43-1-1024x683-640x480.jpeg 400w,https:\/\/erafutbolfemenino.com\/wp-content\/uploads\/2026\/08\/WhatsApp-Image-2026-08-30-at-18.32.43-1-1024x683-640x480.jpeg 2x\" data-envira-width=\"300\" data-envira-height=\"200\" srcset=\"data:image\/gif;base64,R0lGODlhAQABAIAAAP\/\/\/\/\/\/\/yH5BAEKAAEALAAAAAABAAEAAAICTAEAOw==\" data-safe-src=\"data:image\/gif;base64,R0lGODlhAQABAIAAAP\/\/\/\/\/\/\/yH5BAEKAAEALAAAAAABAAEAAAICTAEAOw==\" \/><\/a><\/div><\/div><div id=\"envira-gallery-item-19862\" class=\"envira-gallery-item enviratope-item envira-gallery-item-7 envira-lazy-load\" style=\"padding-left: 5px; padding-bottom: 10px; padding-right: 5px;\"  itemscope itemtype=\"https:\/\/schema.org\/ImageObject\"><div class=\"envira-gallery-item-inner\"><div class=\"envira-gallery-position-overlay  envira-gallery-top-left\"><\/div><div class=\"envira-gallery-position-overlay  envira-gallery-top-right\"><\/div><div class=\"envira-gallery-position-overlay  envira-gallery-bottom-left\"><\/div><div class=\"envira-gallery-position-overlay  envira-gallery-bottom-right\"><\/div><a href=\"https:\/\/erafutbolfemenino.com\/wp-content\/uploads\/2026\/08\/WhatsApp-Image-2026-08-30-at-18.32.43-2.jpeg\" class=\"envira-gallery-19852 envira-gallery-link\" rel=\"enviragallery19852\" title=\"WhatsApp Image 2026-08-30 at 18.32.43 (2)\" data-envira-caption=\"WhatsApp Image 2026-08-30 at 18.32.43 (2)\" data-envira-retina=\"\" data-thumbnail=\"\"  itemprop=\"contentUrl\"><img id=\"envira-gallery-image-19862\" class=\"envira-gallery-image envira-gallery-image-7 envira-normal envira-lazy\" data-envira-index=\"7\" src=\"https:\/\/erafutbolfemenino.com\/wp-content\/uploads\/2026\/08\/WhatsApp-Image-2026-08-30-at-18.32.43-2-1024x683-640x480.jpeg\" data-envira-src=\"https:\/\/erafutbolfemenino.com\/wp-content\/uploads\/2026\/08\/WhatsApp-Image-2026-08-30-at-18.32.43-2-1024x683-640x480.jpeg\" data-envira-gallery-id=\"19852\" data-envira-item-id=\"19862\" data-envira-caption=\"WhatsApp Image 2026-08-30 at 18.32.43 (2)\" alt=\"\" title=\"WhatsApp Image 2026-08-30 at 18.32.43 (2)\"  itemprop=\"thumbnailUrl\" data-envira-srcset=\"https:\/\/erafutbolfemenino.com\/wp-content\/uploads\/2026\/08\/WhatsApp-Image-2026-08-30-at-18.32.43-2-1024x683-640x480.jpeg 400w,https:\/\/erafutbolfemenino.com\/wp-content\/uploads\/2026\/08\/WhatsApp-Image-2026-08-30-at-18.32.43-2-1024x683-640x480.jpeg 2x\" data-envira-width=\"300\" data-envira-height=\"200\" srcset=\"data:image\/gif;base64,R0lGODlhAQABAIAAAP\/\/\/\/\/\/\/yH5BAEKAAEALAAAAAABAAEAAAICTAEAOw==\" data-safe-src=\"data:image\/gif;base64,R0lGODlhAQABAIAAAP\/\/\/\/\/\/\/yH5BAEKAAEALAAAAAABAAEAAAICTAEAOw==\" \/><\/a><\/div><\/div><div id=\"envira-gallery-item-19863\" class=\"envira-gallery-item enviratope-item envira-gallery-item-8 envira-lazy-load\" style=\"padding-left: 5px; padding-bottom: 10px; padding-right: 5px;\"  itemscope itemtype=\"https:\/\/schema.org\/ImageObject\"><div class=\"envira-gallery-item-inner\"><div class=\"envira-gallery-position-overlay  envira-gallery-top-left\"><\/div><div class=\"envira-gallery-position-overlay  envira-gallery-top-right\"><\/div><div class=\"envira-gallery-position-overlay  envira-gallery-bottom-left\"><\/div><div class=\"envira-gallery-position-overlay  envira-gallery-bottom-right\"><\/div><a href=\"https:\/\/erafutbolfemenino.com\/wp-content\/uploads\/2026\/08\/WhatsApp-Image-2026-08-30-at-18.32.43-3.jpeg\" class=\"envira-gallery-19852 envira-gallery-link\" rel=\"enviragallery19852\" title=\"WhatsApp Image 2026-08-30 at 18.32.43 (3)\" data-envira-caption=\"WhatsApp Image 2026-08-30 at 18.32.43 (3)\" data-envira-retina=\"\" data-thumbnail=\"\"  itemprop=\"contentUrl\"><img id=\"envira-gallery-image-19863\" class=\"envira-gallery-image envira-gallery-image-8 envira-normal envira-lazy\" data-envira-index=\"8\" src=\"https:\/\/erafutbolfemenino.com\/wp-content\/uploads\/2026\/08\/WhatsApp-Image-2026-08-30-at-18.32.43-3-1024x683-640x480.jpeg\" data-envira-src=\"https:\/\/erafutbolfemenino.com\/wp-content\/uploads\/2026\/08\/WhatsApp-Image-2026-08-30-at-18.32.43-3-1024x683-640x480.jpeg\" data-envira-gallery-id=\"19852\" data-envira-item-id=\"19863\" data-envira-caption=\"WhatsApp Image 2026-08-30 at 18.32.43 (3)\" alt=\"\" title=\"WhatsApp Image 2026-08-30 at 18.32.43 (3)\"  itemprop=\"thumbnailUrl\" data-envira-srcset=\"https:\/\/erafutbolfemenino.com\/wp-content\/uploads\/2026\/08\/WhatsApp-Image-2026-08-30-at-18.32.43-3-1024x683-640x480.jpeg 400w,https:\/\/erafutbolfemenino.com\/wp-content\/uploads\/2026\/08\/WhatsApp-Image-2026-08-30-at-18.32.43-3-1024x683-640x480.jpeg 2x\" data-envira-width=\"300\" data-envira-height=\"200\" srcset=\"data:image\/gif;base64,R0lGODlhAQABAIAAAP\/\/\/\/\/\/\/yH5BAEKAAEALAAAAAABAAEAAAICTAEAOw==\" data-safe-src=\"data:image\/gif;base64,R0lGODlhAQABAIAAAP\/\/\/\/\/\/\/yH5BAEKAAEALAAAAAABAAEAAAICTAEAOw==\" \/><\/a><\/div><\/div><div id=\"envira-gallery-item-19864\" class=\"envira-gallery-item enviratope-item envira-gallery-item-9 envira-lazy-load\" style=\"padding-left: 5px; padding-bottom: 10px; padding-right: 5px;\"  itemscope itemtype=\"https:\/\/schema.org\/ImageObject\"><div class=\"envira-gallery-item-inner\"><div class=\"envira-gallery-position-overlay  envira-gallery-top-left\"><\/div><div class=\"envira-gallery-position-overlay  envira-gallery-top-right\"><\/div><div class=\"envira-gallery-position-overlay  envira-gallery-bottom-left\"><\/div><div class=\"envira-gallery-position-overlay  envira-gallery-bottom-right\"><\/div><a href=\"https:\/\/erafutbolfemenino.com\/wp-content\/uploads\/2026\/08\/WhatsApp-Image-2026-08-30-at-18.32.43-4.jpeg\" class=\"envira-gallery-19852 envira-gallery-link\" rel=\"enviragallery19852\" title=\"WhatsApp Image 2026-08-30 at 18.32.43 (4)\" data-envira-caption=\"WhatsApp Image 2026-08-30 at 18.32.43 (4)\" data-envira-retina=\"\" data-thumbnail=\"\"  itemprop=\"contentUrl\"><img id=\"envira-gallery-image-19864\" class=\"envira-gallery-image envira-gallery-image-9 envira-normal envira-lazy\" data-envira-index=\"9\" src=\"https:\/\/erafutbolfemenino.com\/wp-content\/uploads\/2026\/08\/WhatsApp-Image-2026-08-30-at-18.32.43-4-683x1024-640x480.jpeg\" data-envira-src=\"https:\/\/erafutbolfemenino.com\/wp-content\/uploads\/2026\/08\/WhatsApp-Image-2026-08-30-at-18.32.43-4-683x1024-640x480.jpeg\" data-envira-gallery-id=\"19852\" data-envira-item-id=\"19864\" data-envira-caption=\"WhatsApp Image 2026-08-30 at 18.32.43 (4)\" alt=\"\" title=\"WhatsApp Image 2026-08-30 at 18.32.43 (4)\"  itemprop=\"thumbnailUrl\" data-envira-srcset=\"https:\/\/erafutbolfemenino.com\/wp-content\/uploads\/2026\/08\/WhatsApp-Image-2026-08-30-at-18.32.43-4-683x1024-640x480.jpeg 400w,https:\/\/erafutbolfemenino.com\/wp-content\/uploads\/2026\/08\/WhatsApp-Image-2026-08-30-at-18.32.43-4-683x1024-640x480.jpeg 2x\" data-envira-width=\"200\" data-envira-height=\"300\" srcset=\"data:image\/gif;base64,R0lGODlhAQABAIAAAP\/\/\/\/\/\/\/yH5BAEKAAEALAAAAAABAAEAAAICTAEAOw==\" data-safe-src=\"data:image\/gif;base64,R0lGODlhAQABAIAAAP\/\/\/\/\/\/\/yH5BAEKAAEALAAAAAABAAEAAAICTAEAOw==\" \/><\/a><\/div><\/div><div id=\"envira-gallery-item-19865\" class=\"envira-gallery-item enviratope-item envira-gallery-item-10 envira-lazy-load\" style=\"padding-left: 5px; padding-bottom: 10px; padding-right: 5px;\"  itemscope itemtype=\"https:\/\/schema.org\/ImageObject\"><div class=\"envira-gallery-item-inner\"><div class=\"envira-gallery-position-overlay  envira-gallery-top-left\"><\/div><div class=\"envira-gallery-position-overlay  envira-gallery-top-right\"><\/div><div class=\"envira-gallery-position-overlay  envira-gallery-bottom-left\"><\/div><div class=\"envira-gallery-position-overlay  envira-gallery-bottom-right\"><\/div><a href=\"https:\/\/erafutbolfemenino.com\/wp-content\/uploads\/2026\/08\/WhatsApp-Image-2026-08-30-at-18.32.43-5.jpeg\" class=\"envira-gallery-19852 envira-gallery-link\" rel=\"enviragallery19852\" title=\"WhatsApp Image 2026-08-30 at 18.32.43 (5)\" data-envira-caption=\"WhatsApp Image 2026-08-30 at 18.32.43 (5)\" data-envira-retina=\"\" data-thumbnail=\"\"  itemprop=\"contentUrl\"><img id=\"envira-gallery-image-19865\" class=\"envira-gallery-image envira-gallery-image-10 envira-normal envira-lazy\" data-envira-index=\"10\" src=\"https:\/\/erafutbolfemenino.com\/wp-content\/uploads\/2026\/08\/WhatsApp-Image-2026-08-30-at-18.32.43-5-1024x683-640x480.jpeg\" data-envira-src=\"https:\/\/erafutbolfemenino.com\/wp-content\/uploads\/2026\/08\/WhatsApp-Image-2026-08-30-at-18.32.43-5-1024x683-640x480.jpeg\" data-envira-gallery-id=\"19852\" data-envira-item-id=\"19865\" data-envira-caption=\"WhatsApp Image 2026-08-30 at 18.32.43 (5)\" alt=\"\" title=\"WhatsApp Image 2026-08-30 at 18.32.43 (5)\"  itemprop=\"thumbnailUrl\" data-envira-srcset=\"https:\/\/erafutbolfemenino.com\/wp-content\/uploads\/2026\/08\/WhatsApp-Image-2026-08-30-at-18.32.43-5-1024x683-640x480.jpeg 400w,https:\/\/erafutbolfemenino.com\/wp-content\/uploads\/2026\/08\/WhatsApp-Image-2026-08-30-at-18.32.43-5-1024x683-640x480.jpeg 2x\" data-envira-width=\"300\" data-envira-height=\"200\" srcset=\"data:image\/gif;base64,R0lGODlhAQABAIAAAP\/\/\/\/\/\/\/yH5BAEKAAEALAAAAAABAAEAAAICTAEAOw==\" data-safe-src=\"data:image\/gif;base64,R0lGODlhAQABAIAAAP\/\/\/\/\/\/\/yH5BAEKAAEALAAAAAABAAEAAAICTAEAOw==\" \/><\/a><\/div><\/div><div id=\"envira-gallery-item-19866\" class=\"envira-gallery-item enviratope-item envira-gallery-item-11 envira-lazy-load\" style=\"padding-left: 5px; padding-bottom: 10px; padding-right: 5px;\"  itemscope itemtype=\"https:\/\/schema.org\/ImageObject\"><div class=\"envira-gallery-item-inner\"><div class=\"envira-gallery-position-overlay  envira-gallery-top-left\"><\/div><div class=\"envira-gallery-position-overlay  envira-gallery-top-right\"><\/div><div class=\"envira-gallery-position-overlay  envira-gallery-bottom-left\"><\/div><div class=\"envira-gallery-position-overlay  envira-gallery-bottom-right\"><\/div><a href=\"https:\/\/erafutbolfemenino.com\/wp-content\/uploads\/2026\/08\/WhatsApp-Image-2026-08-30-at-18.32.43-6.jpeg\" class=\"envira-gallery-19852 envira-gallery-link\" rel=\"enviragallery19852\" title=\"WhatsApp Image 2026-08-30 at 18.32.43 (6)\" data-envira-caption=\"WhatsApp Image 2026-08-30 at 18.32.43 (6)\" data-envira-retina=\"\" data-thumbnail=\"\"  itemprop=\"contentUrl\"><img id=\"envira-gallery-image-19866\" class=\"envira-gallery-image envira-gallery-image-11 envira-normal envira-lazy\" data-envira-index=\"11\" src=\"https:\/\/erafutbolfemenino.com\/wp-content\/uploads\/2026\/08\/WhatsApp-Image-2026-08-30-at-18.32.43-6-683x1024-640x480.jpeg\" data-envira-src=\"https:\/\/erafutbolfemenino.com\/wp-content\/uploads\/2026\/08\/WhatsApp-Image-2026-08-30-at-18.32.43-6-683x1024-640x480.jpeg\" data-envira-gallery-id=\"19852\" data-envira-item-id=\"19866\" data-envira-caption=\"WhatsApp Image 2026-08-30 at 18.32.43 (6)\" alt=\"\" title=\"WhatsApp Image 2026-08-30 at 18.32.43 (6)\"  itemprop=\"thumbnailUrl\" data-envira-srcset=\"https:\/\/erafutbolfemenino.com\/wp-content\/uploads\/2026\/08\/WhatsApp-Image-2026-08-30-at-18.32.43-6-683x1024-640x480.jpeg 400w,https:\/\/erafutbolfemenino.com\/wp-content\/uploads\/2026\/08\/WhatsApp-Image-2026-08-30-at-18.32.43-6-683x1024-640x480.jpeg 2x\" data-envira-width=\"200\" data-envira-height=\"300\" srcset=\"data:image\/gif;base64,R0lGODlhAQABAIAAAP\/\/\/\/\/\/\/yH5BAEKAAEALAAAAAABAAEAAAICTAEAOw==\" data-safe-src=\"data:image\/gif;base64,R0lGODlhAQABAIAAAP\/\/\/\/\/\/\/yH5BAEKAAEALAAAAAABAAEAAAICTAEAOw==\" \/><\/a><\/div><\/div><div id=\"envira-gallery-item-19867\" class=\"envira-gallery-item enviratope-item envira-gallery-item-12 envira-lazy-load\" style=\"padding-left: 5px; padding-bottom: 10px; padding-right: 5px;\"  itemscope itemtype=\"https:\/\/schema.org\/ImageObject\"><div class=\"envira-gallery-item-inner\"><div class=\"envira-gallery-position-overlay  envira-gallery-top-left\"><\/div><div class=\"envira-gallery-position-overlay  envira-gallery-top-right\"><\/div><div class=\"envira-gallery-position-overlay  envira-gallery-bottom-left\"><\/div><div class=\"envira-gallery-position-overlay  envira-gallery-bottom-right\"><\/div><a href=\"https:\/\/erafutbolfemenino.com\/wp-content\/uploads\/2026\/08\/WhatsApp-Image-2026-08-30-at-18.32.43-7.jpeg\" class=\"envira-gallery-19852 envira-gallery-link\" rel=\"enviragallery19852\" title=\"WhatsApp Image 2026-08-30 at 18.32.43 (7)\" data-envira-caption=\"WhatsApp Image 2026-08-30 at 18.32.43 (7)\" data-envira-retina=\"\" data-thumbnail=\"\"  itemprop=\"contentUrl\"><img id=\"envira-gallery-image-19867\" class=\"envira-gallery-image envira-gallery-image-12 envira-normal envira-lazy\" data-envira-index=\"12\" src=\"https:\/\/erafutbolfemenino.com\/wp-content\/uploads\/2026\/08\/WhatsApp-Image-2026-08-30-at-18.32.43-7-1024x683-640x480.jpeg\" data-envira-src=\"https:\/\/erafutbolfemenino.com\/wp-content\/uploads\/2026\/08\/WhatsApp-Image-2026-08-30-at-18.32.43-7-1024x683-640x480.jpeg\" data-envira-gallery-id=\"19852\" data-envira-item-id=\"19867\" data-envira-caption=\"WhatsApp Image 2026-08-30 at 18.32.43 (7)\" alt=\"\" title=\"WhatsApp Image 2026-08-30 at 18.32.43 (7)\"  itemprop=\"thumbnailUrl\" data-envira-srcset=\"https:\/\/erafutbolfemenino.com\/wp-content\/uploads\/2026\/08\/WhatsApp-Image-2026-08-30-at-18.32.43-7-1024x683-640x480.jpeg 400w,https:\/\/erafutbolfemenino.com\/wp-content\/uploads\/2026\/08\/WhatsApp-Image-2026-08-30-at-18.32.43-7-1024x683-640x480.jpeg 2x\" data-envira-width=\"300\" data-envira-height=\"200\" srcset=\"data:image\/gif;base64,R0lGODlhAQABAIAAAP\/\/\/\/\/\/\/yH5BAEKAAEALAAAAAABAAEAAAICTAEAOw==\" data-safe-src=\"data:image\/gif;base64,R0lGODlhAQABAIAAAP\/\/\/\/\/\/\/yH5BAEKAAEALAAAAAABAAEAAAICTAEAOw==\" \/><\/a><\/div><\/div><div id=\"envira-gallery-item-19868\" class=\"envira-gallery-item enviratope-item envira-gallery-item-13 envira-lazy-load\" style=\"padding-left: 5px; padding-bottom: 10px; padding-right: 5px;\"  itemscope itemtype=\"https:\/\/schema.org\/ImageObject\"><div class=\"envira-gallery-item-inner\"><div class=\"envira-gallery-position-overlay  envira-gallery-top-left\"><\/div><div class=\"envira-gallery-position-overlay  envira-gallery-top-right\"><\/div><div class=\"envira-gallery-position-overlay  envira-gallery-bottom-left\"><\/div><div class=\"envira-gallery-position-overlay  envira-gallery-bottom-right\"><\/div><a href=\"https:\/\/erafutbolfemenino.com\/wp-content\/uploads\/2026\/08\/WhatsApp-Image-2026-08-30-at-18.32.43.jpeg\" class=\"envira-gallery-19852 envira-gallery-link\" rel=\"enviragallery19852\" title=\"WhatsApp Image 2026-08-30 at 18.32.43\" data-envira-caption=\"WhatsApp Image 2026-08-30 at 18.32.43\" data-envira-retina=\"\" data-thumbnail=\"\"  itemprop=\"contentUrl\"><img id=\"envira-gallery-image-19868\" class=\"envira-gallery-image envira-gallery-image-13 envira-normal envira-lazy\" data-envira-index=\"13\" src=\"https:\/\/erafutbolfemenino.com\/wp-content\/uploads\/2026\/08\/WhatsApp-Image-2026-08-30-at-18.32.43-680x1024-640x480.jpeg\" data-envira-src=\"https:\/\/erafutbolfemenino.com\/wp-content\/uploads\/2026\/08\/WhatsApp-Image-2026-08-30-at-18.32.43-680x1024-640x480.jpeg\" data-envira-gallery-id=\"19852\" data-envira-item-id=\"19868\" data-envira-caption=\"WhatsApp Image 2026-08-30 at 18.32.43\" alt=\"\" title=\"WhatsApp Image 2026-08-30 at 18.32.43\"  itemprop=\"thumbnailUrl\" data-envira-srcset=\"https:\/\/erafutbolfemenino.com\/wp-content\/uploads\/2026\/08\/WhatsApp-Image-2026-08-30-at-18.32.43-680x1024-640x480.jpeg 400w,https:\/\/erafutbolfemenino.com\/wp-content\/uploads\/2026\/08\/WhatsApp-Image-2026-08-30-at-18.32.43-680x1024-640x480.jpeg 2x\" data-envira-width=\"199\" data-envira-height=\"300\" srcset=\"data:image\/gif;base64,R0lGODlhAQABAIAAAP\/\/\/\/\/\/\/yH5BAEKAAEALAAAAAABAAEAAAICTAEAOw==\" data-safe-src=\"data:image\/gif;base64,R0lGODlhAQABAIAAAP\/\/\/\/\/\/\/yH5BAEKAAEALAAAAAABAAEAAAICTAEAOw==\" \/><\/a><\/div><\/div><div id=\"envira-gallery-item-19869\" class=\"envira-gallery-item enviratope-item envira-gallery-item-14 envira-lazy-load\" style=\"padding-left: 5px; padding-bottom: 10px; padding-right: 5px;\"  itemscope itemtype=\"https:\/\/schema.org\/ImageObject\"><div class=\"envira-gallery-item-inner\"><div class=\"envira-gallery-position-overlay  envira-gallery-top-left\"><\/div><div class=\"envira-gallery-position-overlay  envira-gallery-top-right\"><\/div><div class=\"envira-gallery-position-overlay  envira-gallery-bottom-left\"><\/div><div class=\"envira-gallery-position-overlay  envira-gallery-bottom-right\"><\/div><a href=\"https:\/\/erafutbolfemenino.com\/wp-content\/uploads\/2026\/08\/WhatsApp-Image-2026-08-30-at-18.32.44-1.jpeg\" class=\"envira-gallery-19852 envira-gallery-link\" rel=\"enviragallery19852\" title=\"WhatsApp Image 2026-08-30 at 18.32.44 (1)\" data-envira-caption=\"WhatsApp Image 2026-08-30 at 18.32.44 (1)\" data-envira-retina=\"\" data-thumbnail=\"\"  itemprop=\"contentUrl\"><img id=\"envira-gallery-image-19869\" class=\"envira-gallery-image envira-gallery-image-14 envira-normal envira-lazy\" data-envira-index=\"14\" src=\"https:\/\/erafutbolfemenino.com\/wp-content\/uploads\/2026\/08\/WhatsApp-Image-2026-08-30-at-18.32.44-1-683x1024-640x480.jpeg\" data-envira-src=\"https:\/\/erafutbolfemenino.com\/wp-content\/uploads\/2026\/08\/WhatsApp-Image-2026-08-30-at-18.32.44-1-683x1024-640x480.jpeg\" data-envira-gallery-id=\"19852\" data-envira-item-id=\"19869\" data-envira-caption=\"WhatsApp Image 2026-08-30 at 18.32.44 (1)\" alt=\"\" title=\"WhatsApp Image 2026-08-30 at 18.32.44 (1)\"  itemprop=\"thumbnailUrl\" data-envira-srcset=\"https:\/\/erafutbolfemenino.com\/wp-content\/uploads\/2026\/08\/WhatsApp-Image-2026-08-30-at-18.32.44-1-683x1024-640x480.jpeg 400w,https:\/\/erafutbolfemenino.com\/wp-content\/uploads\/2026\/08\/WhatsApp-Image-2026-08-30-at-18.32.44-1-683x1024-640x480.jpeg 2x\" data-envira-width=\"200\" data-envira-height=\"300\" srcset=\"data:image\/gif;base64,R0lGODlhAQABAIAAAP\/\/\/\/\/\/\/yH5BAEKAAEALAAAAAABAAEAAAICTAEAOw==\" data-safe-src=\"data:image\/gif;base64,R0lGODlhAQABAIAAAP\/\/\/\/\/\/\/yH5BAEKAAEALAAAAAABAAEAAAICTAEAOw==\" \/><\/a><\/div><\/div><div id=\"envira-gallery-item-19870\" class=\"envira-gallery-item enviratope-item envira-gallery-item-15 envira-lazy-load\" style=\"padding-left: 5px; padding-bottom: 10px; padding-right: 5px;\"  itemscope itemtype=\"https:\/\/schema.org\/ImageObject\"><div class=\"envira-gallery-item-inner\"><div class=\"envira-gallery-position-overlay  envira-gallery-top-left\"><\/div><div class=\"envira-gallery-position-overlay  envira-gallery-top-right\"><\/div><div class=\"envira-gallery-position-overlay  envira-gallery-bottom-left\"><\/div><div class=\"envira-gallery-position-overlay  envira-gallery-bottom-right\"><\/div><a href=\"https:\/\/erafutbolfemenino.com\/wp-content\/uploads\/2026\/08\/WhatsApp-Image-2026-08-30-at-18.32.44.jpeg\" class=\"envira-gallery-19852 envira-gallery-link\" rel=\"enviragallery19852\" title=\"WhatsApp Image 2026-08-30 at 18.32.44\" data-envira-caption=\"WhatsApp Image 2026-08-30 at 18.32.44\" data-envira-retina=\"\" data-thumbnail=\"\"  itemprop=\"contentUrl\"><img id=\"envira-gallery-image-19870\" class=\"envira-gallery-image envira-gallery-image-15 envira-normal envira-lazy\" data-envira-index=\"15\" src=\"https:\/\/erafutbolfemenino.com\/wp-content\/uploads\/2026\/08\/WhatsApp-Image-2026-08-30-at-18.32.44-682x1024-640x480.jpeg\" data-envira-src=\"https:\/\/erafutbolfemenino.com\/wp-content\/uploads\/2026\/08\/WhatsApp-Image-2026-08-30-at-18.32.44-682x1024-640x480.jpeg\" data-envira-gallery-id=\"19852\" data-envira-item-id=\"19870\" data-envira-caption=\"WhatsApp Image 2026-08-30 at 18.32.44\" alt=\"\" title=\"WhatsApp Image 2026-08-30 at 18.32.44\"  itemprop=\"thumbnailUrl\" data-envira-srcset=\"https:\/\/erafutbolfemenino.com\/wp-content\/uploads\/2026\/08\/WhatsApp-Image-2026-08-30-at-18.32.44-682x1024-640x480.jpeg 400w,https:\/\/erafutbolfemenino.com\/wp-content\/uploads\/2026\/08\/WhatsApp-Image-2026-08-30-at-18.32.44-682x1024-640x480.jpeg 2x\" data-envira-width=\"200\" data-envira-height=\"300\" srcset=\"data:image\/gif;base64,R0lGODlhAQABAIAAAP\/\/\/\/\/\/\/yH5BAEKAAEALAAAAAABAAEAAAICTAEAOw==\" data-safe-src=\"data:image\/gif;base64,R0lGODlhAQABAIAAAP\/\/\/\/\/\/\/yH5BAEKAAEALAAAAAABAAEAAAICTAEAOw==\" \/><\/a><\/div><\/div><\/div><\/div><noscript><img src=\"https:\/\/erafutbolfemenino.com\/wp-content\/uploads\/2026\/08\/WhatsApp-Image-2026-08-30-at-18.32.41.jpeg\" alt=\"\" \/><img src=\"https:\/\/erafutbolfemenino.com\/wp-content\/uploads\/2026\/08\/WhatsApp-Image-2026-08-30-at-18.32.42-1.jpeg\" alt=\"\" \/><img src=\"https:\/\/erafutbolfemenino.com\/wp-content\/uploads\/2026\/08\/WhatsApp-Image-2026-08-30-at-18.32.42-2.jpeg\" alt=\"\" \/><img src=\"https:\/\/erafutbolfemenino.com\/wp-content\/uploads\/2026\/08\/WhatsApp-Image-2026-08-30-at-18.32.42-3.jpeg\" alt=\"\" \/><img src=\"https:\/\/erafutbolfemenino.com\/wp-content\/uploads\/2026\/08\/WhatsApp-Image-2026-08-30-at-18.32.42.jpeg\" alt=\"\" \/><img src=\"https:\/\/erafutbolfemenino.com\/wp-content\/uploads\/2026\/08\/WhatsApp-Image-2026-08-30-at-18.32.43-1.jpeg\" alt=\"\" \/><img src=\"https:\/\/erafutbolfemenino.com\/wp-content\/uploads\/2026\/08\/WhatsApp-Image-2026-08-30-at-18.32.43-2.jpeg\" alt=\"\" \/><img src=\"https:\/\/erafutbolfemenino.com\/wp-content\/uploads\/2026\/08\/WhatsApp-Image-2026-08-30-at-18.32.43-3.jpeg\" alt=\"\" \/><img src=\"https:\/\/erafutbolfemenino.com\/wp-content\/uploads\/2026\/08\/WhatsApp-Image-2026-08-30-at-18.32.43-4.jpeg\" alt=\"\" \/><img src=\"https:\/\/erafutbolfemenino.com\/wp-content\/uploads\/2026\/08\/WhatsApp-Image-2026-08-30-at-18.32.43-5.jpeg\" alt=\"\" \/><img src=\"https:\/\/erafutbolfemenino.com\/wp-content\/uploads\/2026\/08\/WhatsApp-Image-2026-08-30-at-18.32.43-6.jpeg\" alt=\"\" \/><img src=\"https:\/\/erafutbolfemenino.com\/wp-content\/uploads\/2026\/08\/WhatsApp-Image-2026-08-30-at-18.32.43-7.jpeg\" alt=\"\" \/><img src=\"https:\/\/erafutbolfemenino.com\/wp-content\/uploads\/2026\/08\/WhatsApp-Image-2026-08-30-at-18.32.43.jpeg\" alt=\"\" \/><img src=\"https:\/\/erafutbolfemenino.com\/wp-content\/uploads\/2026\/08\/WhatsApp-Image-2026-08-30-at-18.32.44-1.jpeg\" alt=\"\" \/><img src=\"https:\/\/erafutbolfemenino.com\/wp-content\/uploads\/2026\/08\/WhatsApp-Image-2026-08-30-at-18.32.44.jpeg\" alt=\"\" \/><\/noscript>\n","protected":false},"excerpt":{"rendered":"","protected":false},"author":56,"featured_media":19859,"comment_status":"open","ping_status":"open","sticky":false,"template":"","format":"standard","meta":[],"categories":[10,1],"tags":[53,134,356],"yoast_head":"<!-- This site is optimized with the Yoast SEO plugin v18.6 - https:\/\/yoast.com\/wordpress\/plugins\/seo\/ -->\n<title>Fotogaler\u00eda Madrid CFF vs Granada - Era F\u00fatbol Femenino<\/title>\n<meta name=\"description\" content=\"Las mejores im\u00e1genes del triunfo del conjunto madrile\u00f1o por 3-1 ante el equipo nazar\u00ed en el estreno liguero\" \/>\n<meta name=\"robots\" content=\"index, follow, max-snippet:-1, max-image-preview:large, max-video-preview:-1\" \/>\n<link rel=\"canonical\" href=\"https:\/\/erafutbolfemenino.com\/?p=19843\" \/>\n<meta property=\"og:locale\" content=\"es_ES\" \/>\n<meta property=\"og:type\" content=\"article\" \/>\n<meta property=\"og:title\" content=\"Fotogaler\u00eda Madrid CFF vs Granada - Era F\u00fatbol Femenino\" \/>\n<meta property=\"og:description\" content=\"Las mejores im\u00e1genes del triunfo del conjunto madrile\u00f1o por 3-1 ante el equipo nazar\u00ed en el estreno liguero\" \/>\n<meta property=\"og:url\" content=\"https:\/\/erafutbolfemenino.com\/?p=19843\" \/>\n<meta property=\"og:site_name\" content=\"Era F\u00fatbol Femenino\" \/>\n<meta property=\"article:published_time\" content=\"2026-08-30T14:02:40+00:00\" \/>\n<meta property=\"article:modified_time\" content=\"2026-08-30T17:10:05+00:00\" \/>\n<meta property=\"og:image\" content=\"https:\/\/erafutbolfemenino.com\/wp-content\/uploads\/2026\/08\/WhatsApp-Image-2026-08-30-at-18.32.42-3.jpeg\" \/>\n\t<meta property=\"og:image:width\" content=\"1364\" \/>\n\t<meta property=\"og:image:height\" content=\"2048\" \/>\n\t<meta property=\"og:image:type\" content=\"image\/jpeg\" \/>\n<meta name=\"twitter:card\" content=\"summary_large_image\" \/>\n<meta name=\"twitter:label1\" content=\"Escrito por\" \/>\n\t<meta name=\"twitter:data1\" content=\"Isabel \u00c1lvarez Molina\" \/>\n\t<meta name=\"twitter:label2\" content=\"Tiempo de lectura\" \/>\n\t<meta name=\"twitter:data2\" content=\"1 minuto\" \/>\n<script type=\"application\/ld+json\" class=\"yoast-schema-graph\">{\"@context\":\"https:\/\/schema.org\",\"@graph\":[{\"@type\":\"WebSite\",\"@id\":\"https:\/\/erafutbolfemenino.com\/#website\",\"url\":\"https:\/\/erafutbolfemenino.com\/\",\"name\":\"Era F\u00fatbol Femenino\",\"description\":\"Bienvenidos a una nueva era del futfem\",\"potentialAction\":[{\"@type\":\"SearchAction\",\"target\":{\"@type\":\"EntryPoint\",\"urlTemplate\":\"https:\/\/erafutbolfemenino.com\/?s={search_term_string}\"},\"query-input\":\"required name=search_term_string\"}],\"inLanguage\":\"es\"},{\"@type\":\"ImageObject\",\"@id\":\"https:\/\/erafutbolfemenino.com\/?p=19843#primaryimage\",\"inLanguage\":\"es\",\"url\":\"https:\/\/erafutbolfemenino.com\/wp-content\/uploads\/2026\/08\/WhatsApp-Image-2026-08-30-at-18.32.42-3.jpeg\",\"contentUrl\":\"https:\/\/erafutbolfemenino.com\/wp-content\/uploads\/2026\/08\/WhatsApp-Image-2026-08-30-at-18.32.42-3.jpeg\",\"width\":1364,\"height\":2048},{\"@type\":\"WebPage\",\"@id\":\"https:\/\/erafutbolfemenino.com\/?p=19843#webpage\",\"url\":\"https:\/\/erafutbolfemenino.com\/?p=19843\",\"name\":\"Fotogaler\u00eda Madrid CFF vs Granada - Era F\u00fatbol Femenino\",\"isPartOf\":{\"@id\":\"https:\/\/erafutbolfemenino.com\/#website\"},\"primaryImageOfPage\":{\"@id\":\"https:\/\/erafutbolfemenino.com\/?p=19843#primaryimage\"},\"datePublished\":\"2026-08-30T14:02:40+00:00\",\"dateModified\":\"2026-08-30T17:10:05+00:00\",\"author\":{\"@id\":\"https:\/\/erafutbolfemenino.com\/#\/schema\/person\/db58e6d082f1b8a300d41d41250345d8\"},\"description\":\"Las mejores im\u00e1genes del triunfo del conjunto madrile\u00f1o por 3-1 ante el equipo nazar\u00ed en el estreno liguero\",\"breadcrumb\":{\"@id\":\"https:\/\/erafutbolfemenino.com\/?p=19843#breadcrumb\"},\"inLanguage\":\"es\",\"potentialAction\":[{\"@type\":\"ReadAction\",\"target\":[\"https:\/\/erafutbolfemenino.com\/?p=19843\"]}]},{\"@type\":\"BreadcrumbList\",\"@id\":\"https:\/\/erafutbolfemenino.com\/?p=19843#breadcrumb\",\"itemListElement\":[{\"@type\":\"ListItem\",\"position\":1,\"name\":\"Portada\",\"item\":\"https:\/\/erafutbolfemenino.com\/\"},{\"@type\":\"ListItem\",\"position\":2,\"name\":\"Fotogaler\u00eda Madrid CFF vs Granada\"}]},{\"@type\":\"Person\",\"@id\":\"https:\/\/erafutbolfemenino.com\/#\/schema\/person\/db58e6d082f1b8a300d41d41250345d8\",\"name\":\"Isabel \u00c1lvarez Molina\",\"image\":{\"@type\":\"ImageObject\",\"@id\":\"https:\/\/erafutbolfemenino.com\/#personlogo\",\"inLanguage\":\"es\",\"url\":\"https:\/\/secure.gravatar.com\/avatar\/1b4de1519a959e3410fab6a52bd9d568?s=96&d=mm&r=g\",\"contentUrl\":\"https:\/\/secure.gravatar.com\/avatar\/1b4de1519a959e3410fab6a52bd9d568?s=96&d=mm&r=g\",\"caption\":\"Isabel \u00c1lvarez Molina\"},\"sameAs\":[\"http:\/\/erafutbolfemenino.com\"],\"url\":\"https:\/\/erafutbolfemenino.com\/?author=56\"}]}<\/script>\n<!-- \/ Yoast SEO plugin. -->","yoast_head_json":{"title":"Fotogaler\u00eda Madrid CFF vs Granada - Era F\u00fatbol Femenino","description":"Las mejores im\u00e1genes del triunfo del conjunto madrile\u00f1o por 3-1 ante el equipo nazar\u00ed en el estreno liguero","robots":{"index":"index","follow":"follow","max-snippet":"max-snippet:-1","max-image-preview":"max-image-preview:large","max-video-preview":"max-video-preview:-1"},"canonical":"https:\/\/erafutbolfemenino.com\/?p=19843","og_locale":"es_ES","og_type":"article","og_title":"Fotogaler\u00eda Madrid CFF vs Granada - Era F\u00fatbol Femenino","og_description":"Las mejores im\u00e1genes del triunfo del conjunto madrile\u00f1o por 3-1 ante el equipo nazar\u00ed en el estreno liguero","og_url":"https:\/\/erafutbolfemenino.com\/?p=19843","og_site_name":"Era F\u00fatbol Femenino","article_published_time":"2026-08-30T14:02:40+00:00","article_modified_time":"2026-08-30T17:10:05+00:00","og_image":[{"width":1364,"height":2048,"url":"https:\/\/erafutbolfemenino.com\/wp-content\/uploads\/2026\/08\/WhatsApp-Image-2026-08-30-at-18.32.42-3.jpeg","type":"image\/jpeg"}],"twitter_card":"summary_large_image","twitter_misc":{"Escrito por":"Isabel \u00c1lvarez Molina","Tiempo de lectura":"1 minuto"},"schema":{"@context":"https:\/\/schema.org","@graph":[{"@type":"WebSite","@id":"https:\/\/erafutbolfemenino.com\/#website","url":"https:\/\/erafutbolfemenino.com\/","name":"Era F\u00fatbol Femenino","description":"Bienvenidos a una nueva era del futfem","potentialAction":[{"@type":"SearchAction","target":{"@type":"EntryPoint","urlTemplate":"https:\/\/erafutbolfemenino.com\/?s={search_term_string}"},"query-input":"required name=search_term_string"}],"inLanguage":"es"},{"@type":"ImageObject","@id":"https:\/\/erafutbolfemenino.com\/?p=19843#primaryimage","inLanguage":"es","url":"https:\/\/erafutbolfemenino.com\/wp-content\/uploads\/2026\/08\/WhatsApp-Image-2026-08-30-at-18.32.42-3.jpeg","contentUrl":"https:\/\/erafutbolfemenino.com\/wp-content\/uploads\/2026\/08\/WhatsApp-Image-2026-08-30-at-18.32.42-3.jpeg","width":1364,"height":2048},{"@type":"WebPage","@id":"https:\/\/erafutbolfemenino.com\/?p=19843#webpage","url":"https:\/\/erafutbolfemenino.com\/?p=19843","name":"Fotogaler\u00eda Madrid CFF vs Granada - Era F\u00fatbol Femenino","isPartOf":{"@id":"https:\/\/erafutbolfemenino.com\/#website"},"primaryImageOfPage":{"@id":"https:\/\/erafutbolfemenino.com\/?p=19843#primaryimage"},"datePublished":"2026-08-30T14:02:40+00:00","dateModified":"2026-08-30T17:10:05+00:00","author":{"@id":"https:\/\/erafutbolfemenino.com\/#\/schema\/person\/db58e6d082f1b8a300d41d41250345d8"},"description":"Las mejores im\u00e1genes del triunfo del conjunto madrile\u00f1o por 3-1 ante el equipo nazar\u00ed en el estreno liguero","breadcrumb":{"@id":"https:\/\/erafutbolfemenino.com\/?p=19843#breadcrumb"},"inLanguage":"es","potentialAction":[{"@type":"ReadAction","target":["https:\/\/erafutbolfemenino.com\/?p=19843"]}]},{"@type":"BreadcrumbList","@id":"https:\/\/erafutbolfemenino.com\/?p=19843#breadcrumb","itemListElement":[{"@type":"ListItem","position":1,"name":"Portada","item":"https:\/\/erafutbolfemenino.com\/"},{"@type":"ListItem","position":2,"name":"Fotogaler\u00eda Madrid CFF vs Granada"}]},{"@type":"Person","@id":"https:\/\/erafutbolfemenino.com\/#\/schema\/person\/db58e6d082f1b8a300d41d41250345d8","name":"Isabel \u00c1lvarez Molina","image":{"@type":"ImageObject","@id":"https:\/\/erafutbolfemenino.com\/#personlogo","inLanguage":"es","url":"https:\/\/secure.gravatar.com\/avatar\/1b4de1519a959e3410fab6a52bd9d568?s=96&d=mm&r=g","contentUrl":"https:\/\/secure.gravatar.com\/avatar\/1b4de1519a959e3410fab6a52bd9d568?s=96&d=mm&r=g","caption":"Isabel \u00c1lvarez Molina"},"sameAs":["http:\/\/erafutbolfemenino.com"],"url":"https:\/\/erafutbolfemenino.com\/?author=56"}]}},"_links":{"self":[{"href":"https:\/\/erafutbolfemenino.com\/index.php?rest_route=\/wp\/v2\/posts\/19843"}],"collection":[{"href":"https:\/\/erafutbolfemenino.com\/index.php?rest_route=\/wp\/v2\/posts"}],"about":[{"href":"https:\/\/erafutbolfemenino.com\/index.php?rest_route=\/wp\/v2\/types\/post"}],"author":[{"embeddable":true,"href":"https:\/\/erafutbolfemenino.com\/index.php?rest_route=\/wp\/v2\/users\/56"}],"replies":[{"embeddable":true,"href":"https:\/\/erafutbolfemenino.com\/index.php?rest_route=%2Fwp%2Fv2%2Fcomments&post=19843"}],"version-history":[{"count":2,"href":"https:\/\/erafutbolfemenino.com\/index.php?rest_route=\/wp\/v2\/posts\/19843\/revisions"}],"predecessor-version":[{"id":19873,"href":"https:\/\/erafutbolfemenino.com\/index.php?rest_route=\/wp\/v2\/posts\/19843\/revisions\/19873"}],"wp:featuredmedia":[{"embeddable":true,"href":"https:\/\/erafutbolfemenino.com\/index.php?rest_route=\/wp\/v2\/media\/19859"}],"wp:attachment":[{"href":"https:\/\/erafutbolfemenino.com\/index.php?rest_route=%2Fwp%2Fv2%2Fmedia&parent=19843"}],"wp:term":[{"taxonomy":"category","embeddable":true,"href":"https:\/\/erafutbolfemenino.com\/index.php?rest_route=%2Fwp%2Fv2%2Fcategories&post=19843"},{"taxonomy":"post_tag","embeddable":true,"href":"https:\/\/erafutbolfemenino.com\/index.php?rest_route=%2Fwp%2Fv2%2Ftags&post=19843"}],"curies":[{"name":"wp","href":"https:\/\/api.w.org\/{rel}","templated":true}]}}