{"id":17149,"date":"2025-11-01T22:41:03","date_gmt":"2025-11-01T22:41:03","guid":{"rendered":"https:\/\/erafutbolfemenino.com\/?p=17149"},"modified":"2025-11-02T19:28:50","modified_gmt":"2025-11-02T19:28:50","slug":"atletico-de-madrid-vs-alhama-2","status":"publish","type":"post","link":"https:\/\/erafutbolfemenino.com\/?p=17149","title":{"rendered":"Fotogaler\u00eda Atl\u00e9tico De Madrid vs Alhama"},"content":{"rendered":"\n<div id=\"envira-gallery-wrap-17124\" class=\"envira-gallery-wrap envira-gallery-theme-base envira-lightbox-theme-base\" itemscope itemtype=\"https:\/\/schema.org\/ImageGallery\"><div data-row-height=\"150\" data-gallery-theme=\"normal\" id=\"envira-gallery-17124\" class=\"envira-gallery-public envira-gallery-justified-public envira-gallery-0-columns envira-clear enviratope envira-gallery-css-animations\" data-envira-columns=\"0\"><div id=\"envira-gallery-item-17125\" class=\"envira-gallery-item enviratope-item envira-gallery-item-1 envira-lazy-load\" style=\"padding-left: 5px; padding-bottom: 10px; padding-right: 5px;\"  itemscope itemtype=\"https:\/\/schema.org\/ImageObject\"><div class=\"envira-gallery-item-inner\"><div class=\"envira-gallery-position-overlay  envira-gallery-top-left\"><\/div><div class=\"envira-gallery-position-overlay  envira-gallery-top-right\"><\/div><div class=\"envira-gallery-position-overlay  envira-gallery-bottom-left\"><\/div><div class=\"envira-gallery-position-overlay  envira-gallery-bottom-right\"><\/div><a href=\"https:\/\/erafutbolfemenino.com\/wp-content\/uploads\/2025\/11\/IMG_9085_edited-1-scaled.jpg\" class=\"envira-gallery-17124 envira-gallery-link\" rel=\"enviragallery17124\" title=\"IMG_9085_edited\" data-envira-caption=\"IMG_9085_edited\" data-envira-retina=\"\" data-thumbnail=\"\"  itemprop=\"contentUrl\"><img id=\"envira-gallery-image-17125\" class=\"envira-gallery-image envira-gallery-image-1 envira-normal envira-lazy\" data-envira-index=\"1\" src=\"https:\/\/erafutbolfemenino.com\/wp-content\/uploads\/2025\/11\/IMG_9085_edited-1-1024x683-640x480.jpg\" data-envira-src=\"https:\/\/erafutbolfemenino.com\/wp-content\/uploads\/2025\/11\/IMG_9085_edited-1-1024x683-640x480.jpg\" data-envira-gallery-id=\"17124\" data-envira-item-id=\"17125\" data-envira-caption=\"IMG_9085_edited\" alt=\"\" title=\"IMG_9085_edited\"  itemprop=\"thumbnailUrl\" data-envira-srcset=\"https:\/\/erafutbolfemenino.com\/wp-content\/uploads\/2025\/11\/IMG_9085_edited-1-1024x683-640x480.jpg 400w,https:\/\/erafutbolfemenino.com\/wp-content\/uploads\/2025\/11\/IMG_9085_edited-1-1024x683-640x480.jpg 2x\" data-envira-width=\"300\" data-envira-height=\"200\" srcset=\"data:image\/gif;base64,R0lGODlhAQABAIAAAP\/\/\/\/\/\/\/yH5BAEKAAEALAAAAAABAAEAAAICTAEAOw==\" data-safe-src=\"data:image\/gif;base64,R0lGODlhAQABAIAAAP\/\/\/\/\/\/\/yH5BAEKAAEALAAAAAABAAEAAAICTAEAOw==\" \/><\/a><\/div><\/div><div id=\"envira-gallery-item-17126\" class=\"envira-gallery-item enviratope-item envira-gallery-item-2 envira-lazy-load\" style=\"padding-left: 5px; padding-bottom: 10px; padding-right: 5px;\"  itemscope itemtype=\"https:\/\/schema.org\/ImageObject\"><div class=\"envira-gallery-item-inner\"><div class=\"envira-gallery-position-overlay  envira-gallery-top-left\"><\/div><div class=\"envira-gallery-position-overlay  envira-gallery-top-right\"><\/div><div class=\"envira-gallery-position-overlay  envira-gallery-bottom-left\"><\/div><div class=\"envira-gallery-position-overlay  envira-gallery-bottom-right\"><\/div><a href=\"https:\/\/erafutbolfemenino.com\/wp-content\/uploads\/2025\/11\/IMG_9146_edited-scaled.jpg\" class=\"envira-gallery-17124 envira-gallery-link\" rel=\"enviragallery17124\" title=\"IMG_9146_edited\" data-envira-caption=\"IMG_9146_edited\" data-envira-retina=\"\" data-thumbnail=\"\"  itemprop=\"contentUrl\"><img id=\"envira-gallery-image-17126\" class=\"envira-gallery-image envira-gallery-image-2 envira-normal envira-lazy\" data-envira-index=\"2\" src=\"https:\/\/erafutbolfemenino.com\/wp-content\/uploads\/2025\/11\/IMG_9146_edited-1024x683-640x480.jpg\" data-envira-src=\"https:\/\/erafutbolfemenino.com\/wp-content\/uploads\/2025\/11\/IMG_9146_edited-1024x683-640x480.jpg\" data-envira-gallery-id=\"17124\" data-envira-item-id=\"17126\" data-envira-caption=\"IMG_9146_edited\" alt=\"\" title=\"IMG_9146_edited\"  itemprop=\"thumbnailUrl\" data-envira-srcset=\"https:\/\/erafutbolfemenino.com\/wp-content\/uploads\/2025\/11\/IMG_9146_edited-1024x683-640x480.jpg 400w,https:\/\/erafutbolfemenino.com\/wp-content\/uploads\/2025\/11\/IMG_9146_edited-1024x683-640x480.jpg 2x\" data-envira-width=\"300\" data-envira-height=\"200\" srcset=\"data:image\/gif;base64,R0lGODlhAQABAIAAAP\/\/\/\/\/\/\/yH5BAEKAAEALAAAAAABAAEAAAICTAEAOw==\" data-safe-src=\"data:image\/gif;base64,R0lGODlhAQABAIAAAP\/\/\/\/\/\/\/yH5BAEKAAEALAAAAAABAAEAAAICTAEAOw==\" \/><\/a><\/div><\/div><div id=\"envira-gallery-item-17127\" class=\"envira-gallery-item enviratope-item envira-gallery-item-3 envira-lazy-load\" style=\"padding-left: 5px; padding-bottom: 10px; padding-right: 5px;\"  itemscope itemtype=\"https:\/\/schema.org\/ImageObject\"><div class=\"envira-gallery-item-inner\"><div class=\"envira-gallery-position-overlay  envira-gallery-top-left\"><\/div><div class=\"envira-gallery-position-overlay  envira-gallery-top-right\"><\/div><div class=\"envira-gallery-position-overlay  envira-gallery-bottom-left\"><\/div><div class=\"envira-gallery-position-overlay  envira-gallery-bottom-right\"><\/div><a href=\"https:\/\/erafutbolfemenino.com\/wp-content\/uploads\/2025\/11\/IMG_9341_edited-1-scaled.jpg\" class=\"envira-gallery-17124 envira-gallery-link\" rel=\"enviragallery17124\" title=\"IMG_9341_edited\" data-envira-caption=\"IMG_9341_edited\" data-envira-retina=\"\" data-thumbnail=\"\"  itemprop=\"contentUrl\"><img id=\"envira-gallery-image-17127\" class=\"envira-gallery-image envira-gallery-image-3 envira-normal envira-lazy\" data-envira-index=\"3\" src=\"https:\/\/erafutbolfemenino.com\/wp-content\/uploads\/2025\/11\/IMG_9341_edited-1-1024x682-640x480.jpg\" data-envira-src=\"https:\/\/erafutbolfemenino.com\/wp-content\/uploads\/2025\/11\/IMG_9341_edited-1-1024x682-640x480.jpg\" data-envira-gallery-id=\"17124\" data-envira-item-id=\"17127\" data-envira-caption=\"IMG_9341_edited\" alt=\"\" title=\"IMG_9341_edited\"  itemprop=\"thumbnailUrl\" data-envira-srcset=\"https:\/\/erafutbolfemenino.com\/wp-content\/uploads\/2025\/11\/IMG_9341_edited-1-1024x682-640x480.jpg 400w,https:\/\/erafutbolfemenino.com\/wp-content\/uploads\/2025\/11\/IMG_9341_edited-1-1024x682-640x480.jpg 2x\" data-envira-width=\"300\" data-envira-height=\"200\" srcset=\"data:image\/gif;base64,R0lGODlhAQABAIAAAP\/\/\/\/\/\/\/yH5BAEKAAEALAAAAAABAAEAAAICTAEAOw==\" data-safe-src=\"data:image\/gif;base64,R0lGODlhAQABAIAAAP\/\/\/\/\/\/\/yH5BAEKAAEALAAAAAABAAEAAAICTAEAOw==\" \/><\/a><\/div><\/div><div id=\"envira-gallery-item-17128\" class=\"envira-gallery-item enviratope-item envira-gallery-item-4 envira-lazy-load\" style=\"padding-left: 5px; padding-bottom: 10px; padding-right: 5px;\"  itemscope itemtype=\"https:\/\/schema.org\/ImageObject\"><div class=\"envira-gallery-item-inner\"><div class=\"envira-gallery-position-overlay  envira-gallery-top-left\"><\/div><div class=\"envira-gallery-position-overlay  envira-gallery-top-right\"><\/div><div class=\"envira-gallery-position-overlay  envira-gallery-bottom-left\"><\/div><div class=\"envira-gallery-position-overlay  envira-gallery-bottom-right\"><\/div><a href=\"https:\/\/erafutbolfemenino.com\/wp-content\/uploads\/2025\/11\/IMG_9379_edited-scaled.jpg\" class=\"envira-gallery-17124 envira-gallery-link\" rel=\"enviragallery17124\" title=\"IMG_9379_edited\" data-envira-caption=\"IMG_9379_edited\" data-envira-retina=\"\" data-thumbnail=\"\"  itemprop=\"contentUrl\"><img id=\"envira-gallery-image-17128\" class=\"envira-gallery-image envira-gallery-image-4 envira-normal envira-lazy\" data-envira-index=\"4\" src=\"https:\/\/erafutbolfemenino.com\/wp-content\/uploads\/2025\/11\/IMG_9379_edited-1024x682-640x480.jpg\" data-envira-src=\"https:\/\/erafutbolfemenino.com\/wp-content\/uploads\/2025\/11\/IMG_9379_edited-1024x682-640x480.jpg\" data-envira-gallery-id=\"17124\" data-envira-item-id=\"17128\" data-envira-caption=\"IMG_9379_edited\" alt=\"\" title=\"IMG_9379_edited\"  itemprop=\"thumbnailUrl\" data-envira-srcset=\"https:\/\/erafutbolfemenino.com\/wp-content\/uploads\/2025\/11\/IMG_9379_edited-1024x682-640x480.jpg 400w,https:\/\/erafutbolfemenino.com\/wp-content\/uploads\/2025\/11\/IMG_9379_edited-1024x682-640x480.jpg 2x\" data-envira-width=\"300\" data-envira-height=\"200\" srcset=\"data:image\/gif;base64,R0lGODlhAQABAIAAAP\/\/\/\/\/\/\/yH5BAEKAAEALAAAAAABAAEAAAICTAEAOw==\" data-safe-src=\"data:image\/gif;base64,R0lGODlhAQABAIAAAP\/\/\/\/\/\/\/yH5BAEKAAEALAAAAAABAAEAAAICTAEAOw==\" \/><\/a><\/div><\/div><div id=\"envira-gallery-item-17129\" class=\"envira-gallery-item enviratope-item envira-gallery-item-5 envira-lazy-load\" style=\"padding-left: 5px; padding-bottom: 10px; padding-right: 5px;\"  itemscope itemtype=\"https:\/\/schema.org\/ImageObject\"><div class=\"envira-gallery-item-inner\"><div class=\"envira-gallery-position-overlay  envira-gallery-top-left\"><\/div><div class=\"envira-gallery-position-overlay  envira-gallery-top-right\"><\/div><div class=\"envira-gallery-position-overlay  envira-gallery-bottom-left\"><\/div><div class=\"envira-gallery-position-overlay  envira-gallery-bottom-right\"><\/div><a href=\"https:\/\/erafutbolfemenino.com\/wp-content\/uploads\/2025\/11\/IMG_9439_edited-1-scaled.jpg\" class=\"envira-gallery-17124 envira-gallery-link\" rel=\"enviragallery17124\" title=\"IMG_9439_edited\" data-envira-caption=\"IMG_9439_edited\" data-envira-retina=\"\" data-thumbnail=\"\"  itemprop=\"contentUrl\"><img id=\"envira-gallery-image-17129\" class=\"envira-gallery-image envira-gallery-image-5 envira-normal envira-lazy\" data-envira-index=\"5\" src=\"https:\/\/erafutbolfemenino.com\/wp-content\/uploads\/2025\/11\/IMG_9439_edited-1-1024x683-640x480.jpg\" data-envira-src=\"https:\/\/erafutbolfemenino.com\/wp-content\/uploads\/2025\/11\/IMG_9439_edited-1-1024x683-640x480.jpg\" data-envira-gallery-id=\"17124\" data-envira-item-id=\"17129\" data-envira-caption=\"IMG_9439_edited\" alt=\"\" title=\"IMG_9439_edited\"  itemprop=\"thumbnailUrl\" data-envira-srcset=\"https:\/\/erafutbolfemenino.com\/wp-content\/uploads\/2025\/11\/IMG_9439_edited-1-1024x683-640x480.jpg 400w,https:\/\/erafutbolfemenino.com\/wp-content\/uploads\/2025\/11\/IMG_9439_edited-1-1024x683-640x480.jpg 2x\" data-envira-width=\"300\" data-envira-height=\"200\" srcset=\"data:image\/gif;base64,R0lGODlhAQABAIAAAP\/\/\/\/\/\/\/yH5BAEKAAEALAAAAAABAAEAAAICTAEAOw==\" data-safe-src=\"data:image\/gif;base64,R0lGODlhAQABAIAAAP\/\/\/\/\/\/\/yH5BAEKAAEALAAAAAABAAEAAAICTAEAOw==\" \/><\/a><\/div><\/div><div id=\"envira-gallery-item-17130\" class=\"envira-gallery-item enviratope-item envira-gallery-item-6 envira-lazy-load\" style=\"padding-left: 5px; padding-bottom: 10px; padding-right: 5px;\"  itemscope itemtype=\"https:\/\/schema.org\/ImageObject\"><div class=\"envira-gallery-item-inner\"><div class=\"envira-gallery-position-overlay  envira-gallery-top-left\"><\/div><div class=\"envira-gallery-position-overlay  envira-gallery-top-right\"><\/div><div class=\"envira-gallery-position-overlay  envira-gallery-bottom-left\"><\/div><div class=\"envira-gallery-position-overlay  envira-gallery-bottom-right\"><\/div><a href=\"https:\/\/erafutbolfemenino.com\/wp-content\/uploads\/2025\/11\/IMG_9427_edited-1-scaled.jpg\" class=\"envira-gallery-17124 envira-gallery-link\" rel=\"enviragallery17124\" title=\"IMG_9427_edited\" data-envira-caption=\"IMG_9427_edited\" data-envira-retina=\"\" data-thumbnail=\"\"  itemprop=\"contentUrl\"><img id=\"envira-gallery-image-17130\" class=\"envira-gallery-image envira-gallery-image-6 envira-normal envira-lazy\" data-envira-index=\"6\" src=\"https:\/\/erafutbolfemenino.com\/wp-content\/uploads\/2025\/11\/IMG_9427_edited-1-1024x682-640x480.jpg\" data-envira-src=\"https:\/\/erafutbolfemenino.com\/wp-content\/uploads\/2025\/11\/IMG_9427_edited-1-1024x682-640x480.jpg\" data-envira-gallery-id=\"17124\" data-envira-item-id=\"17130\" data-envira-caption=\"IMG_9427_edited\" alt=\"\" title=\"IMG_9427_edited\"  itemprop=\"thumbnailUrl\" data-envira-srcset=\"https:\/\/erafutbolfemenino.com\/wp-content\/uploads\/2025\/11\/IMG_9427_edited-1-1024x682-640x480.jpg 400w,https:\/\/erafutbolfemenino.com\/wp-content\/uploads\/2025\/11\/IMG_9427_edited-1-1024x682-640x480.jpg 2x\" data-envira-width=\"300\" data-envira-height=\"200\" srcset=\"data:image\/gif;base64,R0lGODlhAQABAIAAAP\/\/\/\/\/\/\/yH5BAEKAAEALAAAAAABAAEAAAICTAEAOw==\" data-safe-src=\"data:image\/gif;base64,R0lGODlhAQABAIAAAP\/\/\/\/\/\/\/yH5BAEKAAEALAAAAAABAAEAAAICTAEAOw==\" \/><\/a><\/div><\/div><div id=\"envira-gallery-item-17131\" class=\"envira-gallery-item enviratope-item envira-gallery-item-7 envira-lazy-load\" style=\"padding-left: 5px; padding-bottom: 10px; padding-right: 5px;\"  itemscope itemtype=\"https:\/\/schema.org\/ImageObject\"><div class=\"envira-gallery-item-inner\"><div class=\"envira-gallery-position-overlay  envira-gallery-top-left\"><\/div><div class=\"envira-gallery-position-overlay  envira-gallery-top-right\"><\/div><div class=\"envira-gallery-position-overlay  envira-gallery-bottom-left\"><\/div><div class=\"envira-gallery-position-overlay  envira-gallery-bottom-right\"><\/div><a href=\"https:\/\/erafutbolfemenino.com\/wp-content\/uploads\/2025\/11\/IMG_9439_edited-2-scaled.jpg\" class=\"envira-gallery-17124 envira-gallery-link\" rel=\"enviragallery17124\" title=\"IMG_9439_edited\" data-envira-caption=\"IMG_9439_edited\" data-envira-retina=\"\" data-thumbnail=\"\"  itemprop=\"contentUrl\"><img id=\"envira-gallery-image-17131\" class=\"envira-gallery-image envira-gallery-image-7 envira-normal envira-lazy\" data-envira-index=\"7\" src=\"https:\/\/erafutbolfemenino.com\/wp-content\/uploads\/2025\/11\/IMG_9439_edited-2-1024x683-640x480.jpg\" data-envira-src=\"https:\/\/erafutbolfemenino.com\/wp-content\/uploads\/2025\/11\/IMG_9439_edited-2-1024x683-640x480.jpg\" data-envira-gallery-id=\"17124\" data-envira-item-id=\"17131\" data-envira-caption=\"IMG_9439_edited\" alt=\"\" title=\"IMG_9439_edited\"  itemprop=\"thumbnailUrl\" data-envira-srcset=\"https:\/\/erafutbolfemenino.com\/wp-content\/uploads\/2025\/11\/IMG_9439_edited-2-1024x683-640x480.jpg 400w,https:\/\/erafutbolfemenino.com\/wp-content\/uploads\/2025\/11\/IMG_9439_edited-2-1024x683-640x480.jpg 2x\" data-envira-width=\"300\" data-envira-height=\"200\" srcset=\"data:image\/gif;base64,R0lGODlhAQABAIAAAP\/\/\/\/\/\/\/yH5BAEKAAEALAAAAAABAAEAAAICTAEAOw==\" data-safe-src=\"data:image\/gif;base64,R0lGODlhAQABAIAAAP\/\/\/\/\/\/\/yH5BAEKAAEALAAAAAABAAEAAAICTAEAOw==\" \/><\/a><\/div><\/div><div id=\"envira-gallery-item-17132\" class=\"envira-gallery-item enviratope-item envira-gallery-item-8 envira-lazy-load\" style=\"padding-left: 5px; padding-bottom: 10px; padding-right: 5px;\"  itemscope itemtype=\"https:\/\/schema.org\/ImageObject\"><div class=\"envira-gallery-item-inner\"><div class=\"envira-gallery-position-overlay  envira-gallery-top-left\"><\/div><div class=\"envira-gallery-position-overlay  envira-gallery-top-right\"><\/div><div class=\"envira-gallery-position-overlay  envira-gallery-bottom-left\"><\/div><div class=\"envira-gallery-position-overlay  envira-gallery-bottom-right\"><\/div><a href=\"https:\/\/erafutbolfemenino.com\/wp-content\/uploads\/2025\/11\/IMG_9459_edited-1-scaled.jpg\" class=\"envira-gallery-17124 envira-gallery-link\" rel=\"enviragallery17124\" title=\"IMG_9459_edited\" data-envira-caption=\"IMG_9459_edited\" data-envira-retina=\"\" data-thumbnail=\"\"  itemprop=\"contentUrl\"><img id=\"envira-gallery-image-17132\" class=\"envira-gallery-image envira-gallery-image-8 envira-normal envira-lazy\" data-envira-index=\"8\" src=\"https:\/\/erafutbolfemenino.com\/wp-content\/uploads\/2025\/11\/IMG_9459_edited-1-1024x683-640x480.jpg\" data-envira-src=\"https:\/\/erafutbolfemenino.com\/wp-content\/uploads\/2025\/11\/IMG_9459_edited-1-1024x683-640x480.jpg\" data-envira-gallery-id=\"17124\" data-envira-item-id=\"17132\" data-envira-caption=\"IMG_9459_edited\" alt=\"\" title=\"IMG_9459_edited\"  itemprop=\"thumbnailUrl\" data-envira-srcset=\"https:\/\/erafutbolfemenino.com\/wp-content\/uploads\/2025\/11\/IMG_9459_edited-1-1024x683-640x480.jpg 400w,https:\/\/erafutbolfemenino.com\/wp-content\/uploads\/2025\/11\/IMG_9459_edited-1-1024x683-640x480.jpg 2x\" data-envira-width=\"300\" data-envira-height=\"200\" srcset=\"data:image\/gif;base64,R0lGODlhAQABAIAAAP\/\/\/\/\/\/\/yH5BAEKAAEALAAAAAABAAEAAAICTAEAOw==\" data-safe-src=\"data:image\/gif;base64,R0lGODlhAQABAIAAAP\/\/\/\/\/\/\/yH5BAEKAAEALAAAAAABAAEAAAICTAEAOw==\" \/><\/a><\/div><\/div><div id=\"envira-gallery-item-17133\" class=\"envira-gallery-item enviratope-item envira-gallery-item-9 envira-lazy-load\" style=\"padding-left: 5px; padding-bottom: 10px; padding-right: 5px;\"  itemscope itemtype=\"https:\/\/schema.org\/ImageObject\"><div class=\"envira-gallery-item-inner\"><div class=\"envira-gallery-position-overlay  envira-gallery-top-left\"><\/div><div class=\"envira-gallery-position-overlay  envira-gallery-top-right\"><\/div><div class=\"envira-gallery-position-overlay  envira-gallery-bottom-left\"><\/div><div class=\"envira-gallery-position-overlay  envira-gallery-bottom-right\"><\/div><a href=\"https:\/\/erafutbolfemenino.com\/wp-content\/uploads\/2025\/11\/IMG_9463_edited-scaled.jpg\" class=\"envira-gallery-17124 envira-gallery-link\" rel=\"enviragallery17124\" title=\"IMG_9463_edited\" data-envira-caption=\"IMG_9463_edited\" data-envira-retina=\"\" data-thumbnail=\"\"  itemprop=\"contentUrl\"><img id=\"envira-gallery-image-17133\" class=\"envira-gallery-image envira-gallery-image-9 envira-normal envira-lazy\" data-envira-index=\"9\" src=\"https:\/\/erafutbolfemenino.com\/wp-content\/uploads\/2025\/11\/IMG_9463_edited-1024x683-640x480.jpg\" data-envira-src=\"https:\/\/erafutbolfemenino.com\/wp-content\/uploads\/2025\/11\/IMG_9463_edited-1024x683-640x480.jpg\" data-envira-gallery-id=\"17124\" data-envira-item-id=\"17133\" data-envira-caption=\"IMG_9463_edited\" alt=\"\" title=\"IMG_9463_edited\"  itemprop=\"thumbnailUrl\" data-envira-srcset=\"https:\/\/erafutbolfemenino.com\/wp-content\/uploads\/2025\/11\/IMG_9463_edited-1024x683-640x480.jpg 400w,https:\/\/erafutbolfemenino.com\/wp-content\/uploads\/2025\/11\/IMG_9463_edited-1024x683-640x480.jpg 2x\" data-envira-width=\"300\" data-envira-height=\"200\" srcset=\"data:image\/gif;base64,R0lGODlhAQABAIAAAP\/\/\/\/\/\/\/yH5BAEKAAEALAAAAAABAAEAAAICTAEAOw==\" data-safe-src=\"data:image\/gif;base64,R0lGODlhAQABAIAAAP\/\/\/\/\/\/\/yH5BAEKAAEALAAAAAABAAEAAAICTAEAOw==\" \/><\/a><\/div><\/div><div id=\"envira-gallery-item-17134\" class=\"envira-gallery-item enviratope-item envira-gallery-item-10 envira-lazy-load\" style=\"padding-left: 5px; padding-bottom: 10px; padding-right: 5px;\"  itemscope itemtype=\"https:\/\/schema.org\/ImageObject\"><div class=\"envira-gallery-item-inner\"><div class=\"envira-gallery-position-overlay  envira-gallery-top-left\"><\/div><div class=\"envira-gallery-position-overlay  envira-gallery-top-right\"><\/div><div class=\"envira-gallery-position-overlay  envira-gallery-bottom-left\"><\/div><div class=\"envira-gallery-position-overlay  envira-gallery-bottom-right\"><\/div><a href=\"https:\/\/erafutbolfemenino.com\/wp-content\/uploads\/2025\/11\/IMG_9574_edited-scaled.jpg\" class=\"envira-gallery-17124 envira-gallery-link\" rel=\"enviragallery17124\" title=\"IMG_9574_edited\" data-envira-caption=\"IMG_9574_edited\" data-envira-retina=\"\" data-thumbnail=\"\"  itemprop=\"contentUrl\"><img id=\"envira-gallery-image-17134\" class=\"envira-gallery-image envira-gallery-image-10 envira-normal envira-lazy\" data-envira-index=\"10\" src=\"https:\/\/erafutbolfemenino.com\/wp-content\/uploads\/2025\/11\/IMG_9574_edited-1024x683-640x480.jpg\" data-envira-src=\"https:\/\/erafutbolfemenino.com\/wp-content\/uploads\/2025\/11\/IMG_9574_edited-1024x683-640x480.jpg\" data-envira-gallery-id=\"17124\" data-envira-item-id=\"17134\" data-envira-caption=\"IMG_9574_edited\" alt=\"\" title=\"IMG_9574_edited\"  itemprop=\"thumbnailUrl\" data-envira-srcset=\"https:\/\/erafutbolfemenino.com\/wp-content\/uploads\/2025\/11\/IMG_9574_edited-1024x683-640x480.jpg 400w,https:\/\/erafutbolfemenino.com\/wp-content\/uploads\/2025\/11\/IMG_9574_edited-1024x683-640x480.jpg 2x\" data-envira-width=\"300\" data-envira-height=\"200\" srcset=\"data:image\/gif;base64,R0lGODlhAQABAIAAAP\/\/\/\/\/\/\/yH5BAEKAAEALAAAAAABAAEAAAICTAEAOw==\" data-safe-src=\"data:image\/gif;base64,R0lGODlhAQABAIAAAP\/\/\/\/\/\/\/yH5BAEKAAEALAAAAAABAAEAAAICTAEAOw==\" \/><\/a><\/div><\/div><div id=\"envira-gallery-item-17135\" class=\"envira-gallery-item enviratope-item envira-gallery-item-11 envira-lazy-load\" style=\"padding-left: 5px; padding-bottom: 10px; padding-right: 5px;\"  itemscope itemtype=\"https:\/\/schema.org\/ImageObject\"><div class=\"envira-gallery-item-inner\"><div class=\"envira-gallery-position-overlay  envira-gallery-top-left\"><\/div><div class=\"envira-gallery-position-overlay  envira-gallery-top-right\"><\/div><div class=\"envira-gallery-position-overlay  envira-gallery-bottom-left\"><\/div><div class=\"envira-gallery-position-overlay  envira-gallery-bottom-right\"><\/div><a href=\"https:\/\/erafutbolfemenino.com\/wp-content\/uploads\/2025\/11\/IMG_9614_edited-1-scaled.jpg\" class=\"envira-gallery-17124 envira-gallery-link\" rel=\"enviragallery17124\" title=\"IMG_9614_edited\" data-envira-caption=\"IMG_9614_edited\" data-envira-retina=\"\" data-thumbnail=\"\"  itemprop=\"contentUrl\"><img id=\"envira-gallery-image-17135\" class=\"envira-gallery-image envira-gallery-image-11 envira-normal envira-lazy\" data-envira-index=\"11\" src=\"https:\/\/erafutbolfemenino.com\/wp-content\/uploads\/2025\/11\/IMG_9614_edited-1-1024x683-640x480.jpg\" data-envira-src=\"https:\/\/erafutbolfemenino.com\/wp-content\/uploads\/2025\/11\/IMG_9614_edited-1-1024x683-640x480.jpg\" data-envira-gallery-id=\"17124\" data-envira-item-id=\"17135\" data-envira-caption=\"IMG_9614_edited\" alt=\"\" title=\"IMG_9614_edited\"  itemprop=\"thumbnailUrl\" data-envira-srcset=\"https:\/\/erafutbolfemenino.com\/wp-content\/uploads\/2025\/11\/IMG_9614_edited-1-1024x683-640x480.jpg 400w,https:\/\/erafutbolfemenino.com\/wp-content\/uploads\/2025\/11\/IMG_9614_edited-1-1024x683-640x480.jpg 2x\" data-envira-width=\"300\" data-envira-height=\"200\" srcset=\"data:image\/gif;base64,R0lGODlhAQABAIAAAP\/\/\/\/\/\/\/yH5BAEKAAEALAAAAAABAAEAAAICTAEAOw==\" data-safe-src=\"data:image\/gif;base64,R0lGODlhAQABAIAAAP\/\/\/\/\/\/\/yH5BAEKAAEALAAAAAABAAEAAAICTAEAOw==\" \/><\/a><\/div><\/div><div id=\"envira-gallery-item-17136\" class=\"envira-gallery-item enviratope-item envira-gallery-item-12 envira-lazy-load\" style=\"padding-left: 5px; padding-bottom: 10px; padding-right: 5px;\"  itemscope itemtype=\"https:\/\/schema.org\/ImageObject\"><div class=\"envira-gallery-item-inner\"><div class=\"envira-gallery-position-overlay  envira-gallery-top-left\"><\/div><div class=\"envira-gallery-position-overlay  envira-gallery-top-right\"><\/div><div class=\"envira-gallery-position-overlay  envira-gallery-bottom-left\"><\/div><div class=\"envira-gallery-position-overlay  envira-gallery-bottom-right\"><\/div><a href=\"https:\/\/erafutbolfemenino.com\/wp-content\/uploads\/2025\/11\/IMG_9693_edited-1-scaled.jpg\" class=\"envira-gallery-17124 envira-gallery-link\" rel=\"enviragallery17124\" title=\"IMG_9693_edited\" data-envira-caption=\"IMG_9693_edited\" data-envira-retina=\"\" data-thumbnail=\"\"  itemprop=\"contentUrl\"><img id=\"envira-gallery-image-17136\" class=\"envira-gallery-image envira-gallery-image-12 envira-normal envira-lazy\" data-envira-index=\"12\" src=\"https:\/\/erafutbolfemenino.com\/wp-content\/uploads\/2025\/11\/IMG_9693_edited-1-1024x683-640x480.jpg\" data-envira-src=\"https:\/\/erafutbolfemenino.com\/wp-content\/uploads\/2025\/11\/IMG_9693_edited-1-1024x683-640x480.jpg\" data-envira-gallery-id=\"17124\" data-envira-item-id=\"17136\" data-envira-caption=\"IMG_9693_edited\" alt=\"\" title=\"IMG_9693_edited\"  itemprop=\"thumbnailUrl\" data-envira-srcset=\"https:\/\/erafutbolfemenino.com\/wp-content\/uploads\/2025\/11\/IMG_9693_edited-1-1024x683-640x480.jpg 400w,https:\/\/erafutbolfemenino.com\/wp-content\/uploads\/2025\/11\/IMG_9693_edited-1-1024x683-640x480.jpg 2x\" data-envira-width=\"300\" data-envira-height=\"200\" srcset=\"data:image\/gif;base64,R0lGODlhAQABAIAAAP\/\/\/\/\/\/\/yH5BAEKAAEALAAAAAABAAEAAAICTAEAOw==\" data-safe-src=\"data:image\/gif;base64,R0lGODlhAQABAIAAAP\/\/\/\/\/\/\/yH5BAEKAAEALAAAAAABAAEAAAICTAEAOw==\" \/><\/a><\/div><\/div><div id=\"envira-gallery-item-17137\" class=\"envira-gallery-item enviratope-item envira-gallery-item-13 envira-lazy-load\" style=\"padding-left: 5px; padding-bottom: 10px; padding-right: 5px;\"  itemscope itemtype=\"https:\/\/schema.org\/ImageObject\"><div class=\"envira-gallery-item-inner\"><div class=\"envira-gallery-position-overlay  envira-gallery-top-left\"><\/div><div class=\"envira-gallery-position-overlay  envira-gallery-top-right\"><\/div><div class=\"envira-gallery-position-overlay  envira-gallery-bottom-left\"><\/div><div class=\"envira-gallery-position-overlay  envira-gallery-bottom-right\"><\/div><a href=\"https:\/\/erafutbolfemenino.com\/wp-content\/uploads\/2025\/11\/IMG_9713_edited-1-scaled.jpg\" class=\"envira-gallery-17124 envira-gallery-link\" rel=\"enviragallery17124\" title=\"IMG_9713_edited\" data-envira-caption=\"IMG_9713_edited\" data-envira-retina=\"\" data-thumbnail=\"\"  itemprop=\"contentUrl\"><img id=\"envira-gallery-image-17137\" class=\"envira-gallery-image envira-gallery-image-13 envira-normal envira-lazy\" data-envira-index=\"13\" src=\"https:\/\/erafutbolfemenino.com\/wp-content\/uploads\/2025\/11\/IMG_9713_edited-1-1024x683-640x480.jpg\" data-envira-src=\"https:\/\/erafutbolfemenino.com\/wp-content\/uploads\/2025\/11\/IMG_9713_edited-1-1024x683-640x480.jpg\" data-envira-gallery-id=\"17124\" data-envira-item-id=\"17137\" data-envira-caption=\"IMG_9713_edited\" alt=\"\" title=\"IMG_9713_edited\"  itemprop=\"thumbnailUrl\" data-envira-srcset=\"https:\/\/erafutbolfemenino.com\/wp-content\/uploads\/2025\/11\/IMG_9713_edited-1-1024x683-640x480.jpg 400w,https:\/\/erafutbolfemenino.com\/wp-content\/uploads\/2025\/11\/IMG_9713_edited-1-1024x683-640x480.jpg 2x\" data-envira-width=\"300\" data-envira-height=\"200\" srcset=\"data:image\/gif;base64,R0lGODlhAQABAIAAAP\/\/\/\/\/\/\/yH5BAEKAAEALAAAAAABAAEAAAICTAEAOw==\" data-safe-src=\"data:image\/gif;base64,R0lGODlhAQABAIAAAP\/\/\/\/\/\/\/yH5BAEKAAEALAAAAAABAAEAAAICTAEAOw==\" \/><\/a><\/div><\/div><div id=\"envira-gallery-item-17138\" class=\"envira-gallery-item enviratope-item envira-gallery-item-14 envira-lazy-load\" style=\"padding-left: 5px; padding-bottom: 10px; padding-right: 5px;\"  itemscope itemtype=\"https:\/\/schema.org\/ImageObject\"><div class=\"envira-gallery-item-inner\"><div class=\"envira-gallery-position-overlay  envira-gallery-top-left\"><\/div><div class=\"envira-gallery-position-overlay  envira-gallery-top-right\"><\/div><div class=\"envira-gallery-position-overlay  envira-gallery-bottom-left\"><\/div><div class=\"envira-gallery-position-overlay  envira-gallery-bottom-right\"><\/div><a href=\"https:\/\/erafutbolfemenino.com\/wp-content\/uploads\/2025\/11\/IMG_9905_edited-1-scaled.jpg\" class=\"envira-gallery-17124 envira-gallery-link\" rel=\"enviragallery17124\" title=\"IMG_9905_edited\" data-envira-caption=\"IMG_9905_edited\" data-envira-retina=\"\" data-thumbnail=\"\"  itemprop=\"contentUrl\"><img id=\"envira-gallery-image-17138\" class=\"envira-gallery-image envira-gallery-image-14 envira-normal envira-lazy\" data-envira-index=\"14\" src=\"https:\/\/erafutbolfemenino.com\/wp-content\/uploads\/2025\/11\/IMG_9905_edited-1-1024x683-640x480.jpg\" data-envira-src=\"https:\/\/erafutbolfemenino.com\/wp-content\/uploads\/2025\/11\/IMG_9905_edited-1-1024x683-640x480.jpg\" data-envira-gallery-id=\"17124\" data-envira-item-id=\"17138\" data-envira-caption=\"IMG_9905_edited\" alt=\"\" title=\"IMG_9905_edited\"  itemprop=\"thumbnailUrl\" data-envira-srcset=\"https:\/\/erafutbolfemenino.com\/wp-content\/uploads\/2025\/11\/IMG_9905_edited-1-1024x683-640x480.jpg 400w,https:\/\/erafutbolfemenino.com\/wp-content\/uploads\/2025\/11\/IMG_9905_edited-1-1024x683-640x480.jpg 2x\" data-envira-width=\"300\" data-envira-height=\"200\" srcset=\"data:image\/gif;base64,R0lGODlhAQABAIAAAP\/\/\/\/\/\/\/yH5BAEKAAEALAAAAAABAAEAAAICTAEAOw==\" data-safe-src=\"data:image\/gif;base64,R0lGODlhAQABAIAAAP\/\/\/\/\/\/\/yH5BAEKAAEALAAAAAABAAEAAAICTAEAOw==\" \/><\/a><\/div><\/div><div id=\"envira-gallery-item-17139\" class=\"envira-gallery-item enviratope-item envira-gallery-item-15 envira-lazy-load\" style=\"padding-left: 5px; padding-bottom: 10px; padding-right: 5px;\"  itemscope itemtype=\"https:\/\/schema.org\/ImageObject\"><div class=\"envira-gallery-item-inner\"><div class=\"envira-gallery-position-overlay  envira-gallery-top-left\"><\/div><div class=\"envira-gallery-position-overlay  envira-gallery-top-right\"><\/div><div class=\"envira-gallery-position-overlay  envira-gallery-bottom-left\"><\/div><div class=\"envira-gallery-position-overlay  envira-gallery-bottom-right\"><\/div><a href=\"https:\/\/erafutbolfemenino.com\/wp-content\/uploads\/2025\/11\/IMG_9915_edited-scaled.jpg\" class=\"envira-gallery-17124 envira-gallery-link\" rel=\"enviragallery17124\" title=\"IMG_9915_edited\" data-envira-caption=\"IMG_9915_edited\" data-envira-retina=\"\" data-thumbnail=\"\"  itemprop=\"contentUrl\"><img id=\"envira-gallery-image-17139\" class=\"envira-gallery-image envira-gallery-image-15 envira-normal envira-lazy\" data-envira-index=\"15\" src=\"https:\/\/erafutbolfemenino.com\/wp-content\/uploads\/2025\/11\/IMG_9915_edited-1024x683-640x480.jpg\" data-envira-src=\"https:\/\/erafutbolfemenino.com\/wp-content\/uploads\/2025\/11\/IMG_9915_edited-1024x683-640x480.jpg\" data-envira-gallery-id=\"17124\" data-envira-item-id=\"17139\" data-envira-caption=\"IMG_9915_edited\" alt=\"\" title=\"IMG_9915_edited\"  itemprop=\"thumbnailUrl\" data-envira-srcset=\"https:\/\/erafutbolfemenino.com\/wp-content\/uploads\/2025\/11\/IMG_9915_edited-1024x683-640x480.jpg 400w,https:\/\/erafutbolfemenino.com\/wp-content\/uploads\/2025\/11\/IMG_9915_edited-1024x683-640x480.jpg 2x\" data-envira-width=\"300\" data-envira-height=\"200\" srcset=\"data:image\/gif;base64,R0lGODlhAQABAIAAAP\/\/\/\/\/\/\/yH5BAEKAAEALAAAAAABAAEAAAICTAEAOw==\" data-safe-src=\"data:image\/gif;base64,R0lGODlhAQABAIAAAP\/\/\/\/\/\/\/yH5BAEKAAEALAAAAAABAAEAAAICTAEAOw==\" \/><\/a><\/div><\/div><div id=\"envira-gallery-item-17140\" class=\"envira-gallery-item enviratope-item envira-gallery-item-16 envira-lazy-load\" style=\"padding-left: 5px; padding-bottom: 10px; padding-right: 5px;\"  itemscope itemtype=\"https:\/\/schema.org\/ImageObject\"><div class=\"envira-gallery-item-inner\"><div class=\"envira-gallery-position-overlay  envira-gallery-top-left\"><\/div><div class=\"envira-gallery-position-overlay  envira-gallery-top-right\"><\/div><div class=\"envira-gallery-position-overlay  envira-gallery-bottom-left\"><\/div><div class=\"envira-gallery-position-overlay  envira-gallery-bottom-right\"><\/div><a href=\"https:\/\/erafutbolfemenino.com\/wp-content\/uploads\/2025\/11\/IMG_9925_edited-scaled.jpg\" class=\"envira-gallery-17124 envira-gallery-link\" rel=\"enviragallery17124\" title=\"IMG_9925_edited\" data-envira-caption=\"IMG_9925_edited\" data-envira-retina=\"\" data-thumbnail=\"\"  itemprop=\"contentUrl\"><img id=\"envira-gallery-image-17140\" class=\"envira-gallery-image envira-gallery-image-16 envira-normal envira-lazy\" data-envira-index=\"16\" src=\"https:\/\/erafutbolfemenino.com\/wp-content\/uploads\/2025\/11\/IMG_9925_edited-1024x682-640x480.jpg\" data-envira-src=\"https:\/\/erafutbolfemenino.com\/wp-content\/uploads\/2025\/11\/IMG_9925_edited-1024x682-640x480.jpg\" data-envira-gallery-id=\"17124\" data-envira-item-id=\"17140\" data-envira-caption=\"IMG_9925_edited\" alt=\"\" title=\"IMG_9925_edited\"  itemprop=\"thumbnailUrl\" data-envira-srcset=\"https:\/\/erafutbolfemenino.com\/wp-content\/uploads\/2025\/11\/IMG_9925_edited-1024x682-640x480.jpg 400w,https:\/\/erafutbolfemenino.com\/wp-content\/uploads\/2025\/11\/IMG_9925_edited-1024x682-640x480.jpg 2x\" data-envira-width=\"300\" data-envira-height=\"200\" srcset=\"data:image\/gif;base64,R0lGODlhAQABAIAAAP\/\/\/\/\/\/\/yH5BAEKAAEALAAAAAABAAEAAAICTAEAOw==\" data-safe-src=\"data:image\/gif;base64,R0lGODlhAQABAIAAAP\/\/\/\/\/\/\/yH5BAEKAAEALAAAAAABAAEAAAICTAEAOw==\" \/><\/a><\/div><\/div><\/div><\/div><noscript><img src=\"https:\/\/erafutbolfemenino.com\/wp-content\/uploads\/2025\/11\/IMG_9085_edited-1-scaled.jpg\" alt=\"\" \/><img src=\"https:\/\/erafutbolfemenino.com\/wp-content\/uploads\/2025\/11\/IMG_9146_edited-scaled.jpg\" alt=\"\" \/><img src=\"https:\/\/erafutbolfemenino.com\/wp-content\/uploads\/2025\/11\/IMG_9341_edited-1-scaled.jpg\" alt=\"\" \/><img src=\"https:\/\/erafutbolfemenino.com\/wp-content\/uploads\/2025\/11\/IMG_9379_edited-scaled.jpg\" alt=\"\" \/><img src=\"https:\/\/erafutbolfemenino.com\/wp-content\/uploads\/2025\/11\/IMG_9439_edited-1-scaled.jpg\" alt=\"\" \/><img src=\"https:\/\/erafutbolfemenino.com\/wp-content\/uploads\/2025\/11\/IMG_9427_edited-1-scaled.jpg\" alt=\"\" \/><img src=\"https:\/\/erafutbolfemenino.com\/wp-content\/uploads\/2025\/11\/IMG_9439_edited-2-scaled.jpg\" alt=\"\" \/><img src=\"https:\/\/erafutbolfemenino.com\/wp-content\/uploads\/2025\/11\/IMG_9459_edited-1-scaled.jpg\" alt=\"\" \/><img src=\"https:\/\/erafutbolfemenino.com\/wp-content\/uploads\/2025\/11\/IMG_9463_edited-scaled.jpg\" alt=\"\" \/><img src=\"https:\/\/erafutbolfemenino.com\/wp-content\/uploads\/2025\/11\/IMG_9574_edited-scaled.jpg\" alt=\"\" \/><img src=\"https:\/\/erafutbolfemenino.com\/wp-content\/uploads\/2025\/11\/IMG_9614_edited-1-scaled.jpg\" alt=\"\" \/><img src=\"https:\/\/erafutbolfemenino.com\/wp-content\/uploads\/2025\/11\/IMG_9693_edited-1-scaled.jpg\" alt=\"\" \/><img src=\"https:\/\/erafutbolfemenino.com\/wp-content\/uploads\/2025\/11\/IMG_9713_edited-1-scaled.jpg\" alt=\"\" \/><img src=\"https:\/\/erafutbolfemenino.com\/wp-content\/uploads\/2025\/11\/IMG_9905_edited-1-scaled.jpg\" alt=\"\" \/><img src=\"https:\/\/erafutbolfemenino.com\/wp-content\/uploads\/2025\/11\/IMG_9915_edited-scaled.jpg\" alt=\"\" \/><img src=\"https:\/\/erafutbolfemenino.com\/wp-content\/uploads\/2025\/11\/IMG_9925_edited-scaled.jpg\" alt=\"\" \/><\/noscript>\n","protected":false},"excerpt":{"rendered":"","protected":false},"author":56,"featured_media":17140,"comment_status":"open","ping_status":"open","sticky":false,"template":"","format":"standard","meta":[],"categories":[10,1],"tags":[],"yoast_head":"<!-- This site is optimized with the Yoast SEO plugin v18.6 - https:\/\/yoast.com\/wordpress\/plugins\/seo\/ -->\n<title>Fotogaler\u00eda Atl\u00e9tico De Madrid vs Alhama - Era F\u00fatbol Femenino<\/title>\n<meta name=\"robots\" content=\"index, follow, max-snippet:-1, max-image-preview:large, max-video-preview:-1\" \/>\n<link rel=\"canonical\" href=\"https:\/\/erafutbolfemenino.com\/?p=17149\" \/>\n<meta property=\"og:locale\" content=\"es_ES\" \/>\n<meta property=\"og:type\" content=\"article\" \/>\n<meta property=\"og:title\" content=\"Fotogaler\u00eda Atl\u00e9tico De Madrid vs Alhama - Era F\u00fatbol Femenino\" \/>\n<meta property=\"og:url\" content=\"https:\/\/erafutbolfemenino.com\/?p=17149\" \/>\n<meta property=\"og:site_name\" content=\"Era F\u00fatbol Femenino\" \/>\n<meta property=\"article:published_time\" content=\"2025-11-01T22:41:03+00:00\" \/>\n<meta property=\"article:modified_time\" content=\"2025-11-02T19:28:50+00:00\" \/>\n<meta property=\"og:image\" content=\"https:\/\/erafutbolfemenino.com\/wp-content\/uploads\/2025\/11\/IMG_9925_edited-scaled.jpg\" \/>\n\t<meta property=\"og:image:width\" content=\"2560\" \/>\n\t<meta property=\"og:image:height\" content=\"1706\" \/>\n\t<meta property=\"og:image:type\" content=\"image\/jpeg\" \/>\n<meta name=\"twitter:card\" content=\"summary_large_image\" \/>\n<meta name=\"twitter:label1\" content=\"Escrito por\" \/>\n\t<meta name=\"twitter:data1\" content=\"Isabel \u00c1lvarez Molina\" \/>\n\t<meta name=\"twitter:label2\" content=\"Tiempo de lectura\" \/>\n\t<meta name=\"twitter:data2\" content=\"1 minuto\" \/>\n<script type=\"application\/ld+json\" class=\"yoast-schema-graph\">{\"@context\":\"https:\/\/schema.org\",\"@graph\":[{\"@type\":\"WebSite\",\"@id\":\"https:\/\/erafutbolfemenino.com\/#website\",\"url\":\"https:\/\/erafutbolfemenino.com\/\",\"name\":\"Era F\u00fatbol Femenino\",\"description\":\"Bienvenidos a una nueva era del futfem\",\"potentialAction\":[{\"@type\":\"SearchAction\",\"target\":{\"@type\":\"EntryPoint\",\"urlTemplate\":\"https:\/\/erafutbolfemenino.com\/?s={search_term_string}\"},\"query-input\":\"required name=search_term_string\"}],\"inLanguage\":\"es\"},{\"@type\":\"ImageObject\",\"@id\":\"https:\/\/erafutbolfemenino.com\/?p=17149#primaryimage\",\"inLanguage\":\"es\",\"url\":\"https:\/\/erafutbolfemenino.com\/wp-content\/uploads\/2025\/11\/IMG_9925_edited-scaled.jpg\",\"contentUrl\":\"https:\/\/erafutbolfemenino.com\/wp-content\/uploads\/2025\/11\/IMG_9925_edited-scaled.jpg\",\"width\":2560,\"height\":1706},{\"@type\":\"WebPage\",\"@id\":\"https:\/\/erafutbolfemenino.com\/?p=17149#webpage\",\"url\":\"https:\/\/erafutbolfemenino.com\/?p=17149\",\"name\":\"Fotogaler\u00eda Atl\u00e9tico De Madrid vs Alhama - Era F\u00fatbol Femenino\",\"isPartOf\":{\"@id\":\"https:\/\/erafutbolfemenino.com\/#website\"},\"primaryImageOfPage\":{\"@id\":\"https:\/\/erafutbolfemenino.com\/?p=17149#primaryimage\"},\"datePublished\":\"2025-11-01T22:41:03+00:00\",\"dateModified\":\"2025-11-02T19:28:50+00:00\",\"author\":{\"@id\":\"https:\/\/erafutbolfemenino.com\/#\/schema\/person\/db58e6d082f1b8a300d41d41250345d8\"},\"breadcrumb\":{\"@id\":\"https:\/\/erafutbolfemenino.com\/?p=17149#breadcrumb\"},\"inLanguage\":\"es\",\"potentialAction\":[{\"@type\":\"ReadAction\",\"target\":[\"https:\/\/erafutbolfemenino.com\/?p=17149\"]}]},{\"@type\":\"BreadcrumbList\",\"@id\":\"https:\/\/erafutbolfemenino.com\/?p=17149#breadcrumb\",\"itemListElement\":[{\"@type\":\"ListItem\",\"position\":1,\"name\":\"Portada\",\"item\":\"https:\/\/erafutbolfemenino.com\/\"},{\"@type\":\"ListItem\",\"position\":2,\"name\":\"Fotogaler\u00eda Atl\u00e9tico De Madrid vs Alhama\"}]},{\"@type\":\"Person\",\"@id\":\"https:\/\/erafutbolfemenino.com\/#\/schema\/person\/db58e6d082f1b8a300d41d41250345d8\",\"name\":\"Isabel \u00c1lvarez Molina\",\"image\":{\"@type\":\"ImageObject\",\"@id\":\"https:\/\/erafutbolfemenino.com\/#personlogo\",\"inLanguage\":\"es\",\"url\":\"https:\/\/secure.gravatar.com\/avatar\/1b4de1519a959e3410fab6a52bd9d568?s=96&d=mm&r=g\",\"contentUrl\":\"https:\/\/secure.gravatar.com\/avatar\/1b4de1519a959e3410fab6a52bd9d568?s=96&d=mm&r=g\",\"caption\":\"Isabel \u00c1lvarez Molina\"},\"sameAs\":[\"http:\/\/erafutbolfemenino.com\"],\"url\":\"https:\/\/erafutbolfemenino.com\/?author=56\"}]}<\/script>\n<!-- \/ Yoast SEO plugin. -->","yoast_head_json":{"title":"Fotogaler\u00eda Atl\u00e9tico De Madrid vs Alhama - Era F\u00fatbol Femenino","robots":{"index":"index","follow":"follow","max-snippet":"max-snippet:-1","max-image-preview":"max-image-preview:large","max-video-preview":"max-video-preview:-1"},"canonical":"https:\/\/erafutbolfemenino.com\/?p=17149","og_locale":"es_ES","og_type":"article","og_title":"Fotogaler\u00eda Atl\u00e9tico De Madrid vs Alhama - Era F\u00fatbol Femenino","og_url":"https:\/\/erafutbolfemenino.com\/?p=17149","og_site_name":"Era F\u00fatbol Femenino","article_published_time":"2025-11-01T22:41:03+00:00","article_modified_time":"2025-11-02T19:28:50+00:00","og_image":[{"width":2560,"height":1706,"url":"https:\/\/erafutbolfemenino.com\/wp-content\/uploads\/2025\/11\/IMG_9925_edited-scaled.jpg","type":"image\/jpeg"}],"twitter_card":"summary_large_image","twitter_misc":{"Escrito por":"Isabel \u00c1lvarez Molina","Tiempo de lectura":"1 minuto"},"schema":{"@context":"https:\/\/schema.org","@graph":[{"@type":"WebSite","@id":"https:\/\/erafutbolfemenino.com\/#website","url":"https:\/\/erafutbolfemenino.com\/","name":"Era F\u00fatbol Femenino","description":"Bienvenidos a una nueva era del futfem","potentialAction":[{"@type":"SearchAction","target":{"@type":"EntryPoint","urlTemplate":"https:\/\/erafutbolfemenino.com\/?s={search_term_string}"},"query-input":"required name=search_term_string"}],"inLanguage":"es"},{"@type":"ImageObject","@id":"https:\/\/erafutbolfemenino.com\/?p=17149#primaryimage","inLanguage":"es","url":"https:\/\/erafutbolfemenino.com\/wp-content\/uploads\/2025\/11\/IMG_9925_edited-scaled.jpg","contentUrl":"https:\/\/erafutbolfemenino.com\/wp-content\/uploads\/2025\/11\/IMG_9925_edited-scaled.jpg","width":2560,"height":1706},{"@type":"WebPage","@id":"https:\/\/erafutbolfemenino.com\/?p=17149#webpage","url":"https:\/\/erafutbolfemenino.com\/?p=17149","name":"Fotogaler\u00eda Atl\u00e9tico De Madrid vs Alhama - Era F\u00fatbol Femenino","isPartOf":{"@id":"https:\/\/erafutbolfemenino.com\/#website"},"primaryImageOfPage":{"@id":"https:\/\/erafutbolfemenino.com\/?p=17149#primaryimage"},"datePublished":"2025-11-01T22:41:03+00:00","dateModified":"2025-11-02T19:28:50+00:00","author":{"@id":"https:\/\/erafutbolfemenino.com\/#\/schema\/person\/db58e6d082f1b8a300d41d41250345d8"},"breadcrumb":{"@id":"https:\/\/erafutbolfemenino.com\/?p=17149#breadcrumb"},"inLanguage":"es","potentialAction":[{"@type":"ReadAction","target":["https:\/\/erafutbolfemenino.com\/?p=17149"]}]},{"@type":"BreadcrumbList","@id":"https:\/\/erafutbolfemenino.com\/?p=17149#breadcrumb","itemListElement":[{"@type":"ListItem","position":1,"name":"Portada","item":"https:\/\/erafutbolfemenino.com\/"},{"@type":"ListItem","position":2,"name":"Fotogaler\u00eda Atl\u00e9tico De Madrid vs Alhama"}]},{"@type":"Person","@id":"https:\/\/erafutbolfemenino.com\/#\/schema\/person\/db58e6d082f1b8a300d41d41250345d8","name":"Isabel \u00c1lvarez Molina","image":{"@type":"ImageObject","@id":"https:\/\/erafutbolfemenino.com\/#personlogo","inLanguage":"es","url":"https:\/\/secure.gravatar.com\/avatar\/1b4de1519a959e3410fab6a52bd9d568?s=96&d=mm&r=g","contentUrl":"https:\/\/secure.gravatar.com\/avatar\/1b4de1519a959e3410fab6a52bd9d568?s=96&d=mm&r=g","caption":"Isabel \u00c1lvarez Molina"},"sameAs":["http:\/\/erafutbolfemenino.com"],"url":"https:\/\/erafutbolfemenino.com\/?author=56"}]}},"_links":{"self":[{"href":"https:\/\/erafutbolfemenino.com\/index.php?rest_route=\/wp\/v2\/posts\/17149"}],"collection":[{"href":"https:\/\/erafutbolfemenino.com\/index.php?rest_route=\/wp\/v2\/posts"}],"about":[{"href":"https:\/\/erafutbolfemenino.com\/index.php?rest_route=\/wp\/v2\/types\/post"}],"author":[{"embeddable":true,"href":"https:\/\/erafutbolfemenino.com\/index.php?rest_route=\/wp\/v2\/users\/56"}],"replies":[{"embeddable":true,"href":"https:\/\/erafutbolfemenino.com\/index.php?rest_route=%2Fwp%2Fv2%2Fcomments&post=17149"}],"version-history":[{"count":2,"href":"https:\/\/erafutbolfemenino.com\/index.php?rest_route=\/wp\/v2\/posts\/17149\/revisions"}],"predecessor-version":[{"id":17196,"href":"https:\/\/erafutbolfemenino.com\/index.php?rest_route=\/wp\/v2\/posts\/17149\/revisions\/17196"}],"wp:featuredmedia":[{"embeddable":true,"href":"https:\/\/erafutbolfemenino.com\/index.php?rest_route=\/wp\/v2\/media\/17140"}],"wp:attachment":[{"href":"https:\/\/erafutbolfemenino.com\/index.php?rest_route=%2Fwp%2Fv2%2Fmedia&parent=17149"}],"wp:term":[{"taxonomy":"category","embeddable":true,"href":"https:\/\/erafutbolfemenino.com\/index.php?rest_route=%2Fwp%2Fv2%2Fcategories&post=17149"},{"taxonomy":"post_tag","embeddable":true,"href":"https:\/\/erafutbolfemenino.com\/index.php?rest_route=%2Fwp%2Fv2%2Ftags&post=17149"}],"curies":[{"name":"wp","href":"https:\/\/api.w.org\/{rel}","templated":true}]}}